{"id":1046,"date":"2023-02-27T21:06:40","date_gmt":"2023-02-27T20:06:40","guid":{"rendered":"https:\/\/iransos.com\/deutsch\/?p=1046"},"modified":"2023-03-08T21:16:36","modified_gmt":"2023-03-08T20:16:36","slug":"iran-belgier-willkuerlich-zu-40-jahren-haft-verurteilt","status":"publish","type":"post","link":"https:\/\/iransos.com\/deutsch\/?p=1046","title":{"rendered":"Iran: Belgier willk\u00fcrlich zu 40 Jahren Haft verurteilt"},"content":{"rendered":"<div style=\"width: 808px\" class=\"wp-caption alignnone\"><img loading=\"lazy\" decoding=\"async\" src=\"https:\/\/iransos.com\/deutsch\/images\/2011\/o\/olivier%20vandecasteele.png\" alt=\"\" width=\"798\" height=\"450\" \/><p class=\"wp-caption-text\">Der belgische Entwicklungshelfer Olivier Vandecasteele wurde im Januar 2023 im Iran zu 40 Jahren Gef\u00e4ngnis verurteilt wegen angeblicher Spionage (undatiertes Foto). \u00a9 Privat &#8211; Vandecasteele Family<\/p><\/div>\n<p style=\"text-align: justify;\">27. Februar 2023- Amnesty international- Olivier Vandecasteele, belgischer Mitarbeiter einer Hilfsorganisation, ist durch die iranischen Beh\u00f6rden dem Verschwindenlassen, der Folter und anderen Formen der Misshandlung ausgesetzt. Er wird im Iran in einer fensterlosen Kellerzelle in Einzelhaft festgehalten und ihm wird weder der Zugang zu medizinischer Versorgung noch zu frischer Luft gew\u00e4hrt.<\/p>\n<p style=\"text-align: justify;\"><!--more-->Am 10. Januar 2023 gaben iranische Staatsmedien bekannt, dass man ihn zu 40 Jahren Gef\u00e4ngnis und 74 Peitschenhieben verurteilt hat. Es gibt Grund zu der Annahme, dass die iranischen Beh\u00f6rden ihn festhalten, um die belgischen Beh\u00f6rden zu einem Gefangenenaustausch gegen einen dort inhaftierten ehemaligen iranischen Diplomaten zu bewegen.<\/p>\n<p style=\"text-align: justify;\">Bitte beachten: Allen Personen mit pers\u00f6nlichen Beziehungen in den Iran raten wir, eine Teilnahme zu pr\u00fcfen. Dieses Schreiben wird mit deinem Vor- und Nachnamen und Mail-Adresse an den Adressaten im Land gesandt.<\/p>\n<p><a href=\"https:\/\/www.amnesty.de\/mitmachen\/urgent-action\/iran-olivier-vandecasteele-belgier-willkuerlich-zu-40-jahren-haft-verurteilt-2023-02-27?ref=979602\">Setzt euch f\u00fcr Olivier Vandecasteele ein!<\/a><\/p>\n<p>&nbsp;<\/p>\n<p>&nbsp;<\/p>\n<p>&nbsp;<\/p>\n","protected":false},"excerpt":{"rendered":"<p>27. Februar 2023- Amnesty international- Olivier Vandecasteele, belgischer Mitarbeiter einer Hilfsorganisation, ist durch die iranischen Beh\u00f6rden dem Verschwindenlassen, der Folter und anderen Formen der Misshandlung ausgesetzt. Er wird im Iran<\/p>\n","protected":false},"author":1,"featured_media":0,"comment_status":"open","ping_status":"open","sticky":false,"template":"","format":"standard","meta":{"footnotes":""},"categories":[323],"tags":[64,474],"class_list":["post-1046","post","type-post","status-publish","format-standard","hentry","category-menschenrechte","tag-amnesty-international","tag-olivier-vandecasteele"],"_links":{"self":[{"href":"https:\/\/iransos.com\/deutsch\/index.php?rest_route=\/wp\/v2\/posts\/1046","targetHints":{"allow":["GET"]}}],"collection":[{"href":"https:\/\/iransos.com\/deutsch\/index.php?rest_route=\/wp\/v2\/posts"}],"about":[{"href":"https:\/\/iransos.com\/deutsch\/index.php?rest_route=\/wp\/v2\/types\/post"}],"author":[{"embeddable":true,"href":"https:\/\/iransos.com\/deutsch\/index.php?rest_route=\/wp\/v2\/users\/1"}],"replies":[{"embeddable":true,"href":"https:\/\/iransos.com\/deutsch\/index.php?rest_route=%2Fwp%2Fv2%2Fcomments&post=1046"}],"version-history":[{"count":2,"href":"https:\/\/iransos.com\/deutsch\/index.php?rest_route=\/wp\/v2\/posts\/1046\/revisions"}],"predecessor-version":[{"id":1048,"href":"https:\/\/iransos.com\/deutsch\/index.php?rest_route=\/wp\/v2\/posts\/1046\/revisions\/1048"}],"wp:attachment":[{"href":"https:\/\/iransos.com\/deutsch\/index.php?rest_route=%2Fwp%2Fv2%2Fmedia&parent=1046"}],"wp:term":[{"taxonomy":"category","embeddable":true,"href":"https:\/\/iransos.com\/deutsch\/index.php?rest_route=%2Fwp%2Fv2%2Fcategories&post=1046"},{"taxonomy":"post_tag","embeddable":true,"href":"https:\/\/iransos.com\/deutsch\/index.php?rest_route=%2Fwp%2Fv2%2Ftags&post=1046"}],"curies":[{"name":"wp","href":"https:\/\/api.w.org\/{rel}","templated":true}]}}