{"id":1057,"date":"2023-03-08T22:01:28","date_gmt":"2023-03-08T21:01:28","guid":{"rendered":"https:\/\/iransos.com\/deutsch\/?p=1057"},"modified":"2023-03-08T22:01:28","modified_gmt":"2023-03-08T21:01:28","slug":"iran-nahid-taghavi-freilassen","status":"publish","type":"post","link":"https:\/\/iransos.com\/deutsch\/?p=1057","title":{"rendered":"Iran: Nahid Taghavi freilassen!"},"content":{"rendered":"<div style=\"width: 1228px\" class=\"wp-caption alignnone\"><img loading=\"lazy\" decoding=\"async\" src=\"https:\/\/iransos.com\/deutsch\/images\/2011\/n\/nahid-taghavi.png\" alt=\"\" width=\"1218\" height=\"600\" \/><p class=\"wp-caption-text\">Amnesty-Solidarit\u00e4tsaktion mit der im Teheraner Evin-Gef\u00e4ngnis inhaftierten Deutsch-Iranerin Nahid Taghavi am 26. August 2021 in Berlin \u00a9 Amnesty International, Foto: Jarek GodlewskiAmnesty-Solidarit\u00e4tsaktion mit der im Teheraner Evin-Gef\u00e4ngnis inhaftierten Deutsch-Iranerin Nahid Taghavi am 26. August 2021 in Berlin \u00a9 Amnesty International, Foto: Jarek Godlewski<\/p><\/div>\n<p style=\"text-align: justify;\">08.M\u00e4rz 2023-Amnesty international- Nahid Taghavi ist eine iranisch-deutsche Frauenrechtlerin, die im Teheraner Evin-Gef\u00e4ngnis inhaftiert ist. Seit ihrer Festnahme im Oktober 2020 musste sie monatelang in Isolationshaft. Sie wurde gefoltert. In einem unfairen Gerichtsverfahren wurde sie wegen angeblicher Beteiligung an einer &#8220;illegalen Gruppe&#8221; und wegen &#8220;Propaganda gegen den Staat&#8221; zu zehn Jahren und acht Monaten Haft verurteilt.<\/p>\n<p><!--more-->Im Juli 2022 wurde Nahid in den dringend ben\u00f6tigten medizinischen Hafturlaub entlassen. Die lange Haft und die desastr\u00f6sen Haftbedingungen haben ihren Gesundheitszustand massiv verschlechtert. Am 13. November 2022 musste sie wieder ins Gef\u00e4ngnis, obwohl ihre medizinische Behandlung noch nicht abgeschlossen ist. Die erneute Inhaftierung von Nahid erfolgte unmittelbar auf die Ank\u00fcndigung der deutschen Bundesregierung, weitere Sanktionen gegen die iranische Regierung zu verabschieden.<\/p>\n<p>Nahid ist eine gewaltlose politische Gefangene und muss umgehend und bedingungslos freigelassen werden.<\/p>\n<p>Schreibe eine E-Mail an den iranischen Botschafter in Deutschland! Fordere Nahid Taghavis Freilassung!<\/p>\n<p>Bitte beachten: Allen Personen mit pers\u00f6nlichen Beziehungen in den Iran raten wir, eine Teilnahme zu pr\u00fcfen. Dieses Schreiben wird mit deinem Vor- und Nachnamen und Mail-Adresse an den Adressaten im Land gesandt.<\/p>\n<p><a href=\"https:\/\/www.amnesty.de\/mitmachen\/petition\/iran-nahid-taghavi-freilassen-2022-11-15?ref=979602\">Setzt euch f\u00fcr Nahid Taghavi ein!<\/a><\/p>\n<p>&nbsp;<\/p>\n","protected":false},"excerpt":{"rendered":"<p>08.M\u00e4rz 2023-Amnesty international- Nahid Taghavi ist eine iranisch-deutsche Frauenrechtlerin, die im Teheraner Evin-Gef\u00e4ngnis inhaftiert ist. Seit ihrer Festnahme im Oktober 2020 musste sie monatelang in Isolationshaft. Sie wurde gefoltert. In<\/p>\n","protected":false},"author":1,"featured_media":0,"comment_status":"open","ping_status":"open","sticky":false,"template":"","format":"standard","meta":{"footnotes":""},"categories":[323],"tags":[438],"class_list":["post-1057","post","type-post","status-publish","format-standard","hentry","category-menschenrechte","tag-nahid-taghavi"],"_links":{"self":[{"href":"https:\/\/iransos.com\/deutsch\/index.php?rest_route=\/wp\/v2\/posts\/1057","targetHints":{"allow":["GET"]}}],"collection":[{"href":"https:\/\/iransos.com\/deutsch\/index.php?rest_route=\/wp\/v2\/posts"}],"about":[{"href":"https:\/\/iransos.com\/deutsch\/index.php?rest_route=\/wp\/v2\/types\/post"}],"author":[{"embeddable":true,"href":"https:\/\/iransos.com\/deutsch\/index.php?rest_route=\/wp\/v2\/users\/1"}],"replies":[{"embeddable":true,"href":"https:\/\/iransos.com\/deutsch\/index.php?rest_route=%2Fwp%2Fv2%2Fcomments&post=1057"}],"version-history":[{"count":1,"href":"https:\/\/iransos.com\/deutsch\/index.php?rest_route=\/wp\/v2\/posts\/1057\/revisions"}],"predecessor-version":[{"id":1058,"href":"https:\/\/iransos.com\/deutsch\/index.php?rest_route=\/wp\/v2\/posts\/1057\/revisions\/1058"}],"wp:attachment":[{"href":"https:\/\/iransos.com\/deutsch\/index.php?rest_route=%2Fwp%2Fv2%2Fmedia&parent=1057"}],"wp:term":[{"taxonomy":"category","embeddable":true,"href":"https:\/\/iransos.com\/deutsch\/index.php?rest_route=%2Fwp%2Fv2%2Fcategories&post=1057"},{"taxonomy":"post_tag","embeddable":true,"href":"https:\/\/iransos.com\/deutsch\/index.php?rest_route=%2Fwp%2Fv2%2Ftags&post=1057"}],"curies":[{"name":"wp","href":"https:\/\/api.w.org\/{rel}","templated":true}]}}