{"id":192,"date":"2015-02-05T17:09:14","date_gmt":"2015-02-05T16:09:14","guid":{"rendered":"http:\/\/iransos.com\/deutsch\/index.php\/2015\/02\/05\/argentinien-nisman-wollte-haftbefehl-gegen-praesidentin\/"},"modified":"2015-02-05T17:09:14","modified_gmt":"2015-02-05T16:09:14","slug":"argentinien-nisman-wollte-haftbefehl-gegen-praesidentin","status":"publish","type":"post","link":"https:\/\/iransos.com\/deutsch\/?p=192","title":{"rendered":"Argentinien: Nisman wollte Haftbefehl gegen Pr\u00e4sidentin"},"content":{"rendered":"<p style=\"text-align: justify;\">04.02.2015- Die Welt- Der tote argentinische Staatsanwalt Alberto Nisman wollte offenbar einen Haftbefehl gegen Pr\u00e4sidentin Cristina Kirchner erwirken. Die mit den Ermittlungen beauftragte Staatsanw\u00e4ltin Viviana Fein sagte, in der Wohnung des Toten sei im M\u00fcll ein 26-seitiger entsprechender Entwurf gefunden worden. Das Dokument ist demnach auf Juni 2014 datiert. Er habe dann aber offenbar darauf verzichtet, den Antrag zu stellen.<\/p>\n<p style=\"text-align: justify;\">\u00dcber die Existenz des Entwurfs f\u00fcr einen Haftbefehl hatte am Sonntag bereits die Zeitung &#8220;Clarin&#8221; berichtet &#8211; Staatsanw\u00e4ltin Fein und die Regierung hatten dies am Montag bestritten. Nun sprach Fein von einem &#8220;Fehler&#8221; und gestand ein, dass das Dokument gefunden wurde.<br \/>H\u00e4tte Nisman tats\u00e4chlich Haftbefehl gegen die Pr\u00e4sidentin beantragt, w\u00e4ren seine Aussichten auf Erfolg allerdings nicht gut gewesen. Nicht zuletzt h\u00e4tte das Parlament dem Antrag mit Zweidrittelmehrheit zustimmen m\u00fcssen.<br \/>Nismans Leichnam war am 19. Januar in seiner Wohnung in Buenos Aires aufgefunden worden &#8211; wenige Stunden vor einer geplanten brisanten Anh\u00f6rung im Parlament. Dabei wollte der Staatsanwalt Beweise f\u00fcr seinen Vorwurf vorlegen, dass Kirchner an einer Aufkl\u00e4rung des Anschlags auf die j\u00fcdische Wohlfahrtsorganisation Amia im Jahr 1994 mit 85 Toten nicht interessiert sei. Nisman machte den Iran f\u00fcr den Anschlag verantwortlich und beschuldigte die Regierung, die Aufkl\u00e4rung des Falls zu vereiteln, um das Verh\u00e4ltnis zu Teheran nicht zu belasten.<br \/>Viele Argentinier glauben, die Regierung habe Nisman ermorden lassen, weil sie den Parlamentsauftritt f\u00fcrchtete. Dagegen deuteten nach Angaben der Ermittler die Autopsie-Ergebnisse auf einen Suizid hin. Nisman war demnach durch einen Kopfschuss aus n\u00e4chster N\u00e4he gestorben.<br \/>afp.com<\/p>\n","protected":false},"excerpt":{"rendered":"<p style=\"text-align: justify;\">04.02.2015- Die Welt- Der tote argentinische Staatsanwalt Alberto Nisman wollte offenbar einen Haftbefehl gegen Pr\u00e4sidentin Cristina Kirchner erwirken. Die mit den Ermittlungen beauftragte Staatsanw\u00e4ltin Viviana Fein sagte, in der Wohnung des Toten sei im M\u00fcll ein 26-seitiger entsprechender Entwurf gefunden worden. Das Dokument ist demnach auf Juni 2014 datiert. Er habe dann aber offenbar darauf verzichtet, den Antrag zu stellen.<\/p>\n","protected":false},"author":1,"featured_media":0,"comment_status":"open","ping_status":"open","sticky":false,"template":"","format":"standard","meta":{"footnotes":""},"categories":[1],"tags":[219,218],"class_list":["post-192","post","type-post","status-publish","format-standard","hentry","category-allgemein","tag-alberto-nisman","tag-cristina-kirchner"],"_links":{"self":[{"href":"https:\/\/iransos.com\/deutsch\/index.php?rest_route=\/wp\/v2\/posts\/192","targetHints":{"allow":["GET"]}}],"collection":[{"href":"https:\/\/iransos.com\/deutsch\/index.php?rest_route=\/wp\/v2\/posts"}],"about":[{"href":"https:\/\/iransos.com\/deutsch\/index.php?rest_route=\/wp\/v2\/types\/post"}],"author":[{"embeddable":true,"href":"https:\/\/iransos.com\/deutsch\/index.php?rest_route=\/wp\/v2\/users\/1"}],"replies":[{"embeddable":true,"href":"https:\/\/iransos.com\/deutsch\/index.php?rest_route=%2Fwp%2Fv2%2Fcomments&post=192"}],"version-history":[{"count":0,"href":"https:\/\/iransos.com\/deutsch\/index.php?rest_route=\/wp\/v2\/posts\/192\/revisions"}],"wp:attachment":[{"href":"https:\/\/iransos.com\/deutsch\/index.php?rest_route=%2Fwp%2Fv2%2Fmedia&parent=192"}],"wp:term":[{"taxonomy":"category","embeddable":true,"href":"https:\/\/iransos.com\/deutsch\/index.php?rest_route=%2Fwp%2Fv2%2Fcategories&post=192"},{"taxonomy":"post_tag","embeddable":true,"href":"https:\/\/iransos.com\/deutsch\/index.php?rest_route=%2Fwp%2Fv2%2Ftags&post=192"}],"curies":[{"name":"wp","href":"https:\/\/api.w.org\/{rel}","templated":true}]}}