{"id":202,"date":"2015-05-26T17:59:20","date_gmt":"2015-05-26T15:59:20","guid":{"rendered":"http:\/\/iransos.com\/deutsch\/index.php\/2015\/05\/26\/jason-rezaian\/"},"modified":"2015-05-26T17:59:20","modified_gmt":"2015-05-26T15:59:20","slug":"jason-rezaian","status":"publish","type":"post","link":"https:\/\/iransos.com\/deutsch\/?p=202","title":{"rendered":"Korrespondent vor GerichtIran verwehrt US-Gefangenem Besuch"},"content":{"rendered":"<p style=\"text-align: justify;\"><span style=\"color: #888888;\">Montag, 25. Mai 2015 -IranSOS-<\/span> n-tv &#8211;\u00a0 Seit zehn Monaten sitzt der Iran-Korrespondent der &#8220;Washington Post&#8221; in Teheran im Gef\u00e4ngnis. An diesem Dienstag soll ein Prozess wegen Spionage beginnen. Die die USA vertretende Schweizer Botschaft bem\u00fcht sich vergeblich um eine Besuchserlaubnis.<\/p>\n<p style=\"text-align: justify;\">Die iranische Justiz hat einen Besuchsantrag der Schweizer Botschaft bei dem in Teheran inhaftierten US-Reporter Jason Rezaian abgelehnt. Der zust\u00e4ndige Oberstaatsanwalt sagte, ein solcher Antrag sei irrelevant und inakzeptabel. Da Washington und Teheran keine diplomatischen Beziehungen unterhalten, vertritt die Schweiz die Interessen der USA im Iran.<br \/>Die Anklage gegen den Iran-Korrespondenten der &#8220;Washington Post&#8221; lautet auf Spionage f\u00fcr die USA und Propaganda gegen das islamische Land. Was Rezaian genau ausspioniert haben soll, ist nicht bekannt. Nach zehnmonatiger Haft beginnt das Verfahren an diesem Dienstag vor einem Revolutionsgericht in Teheran. Wie die &#8220;Washington Post&#8221; berichtet, findet der Prozess unter Ausschluss der \u00d6ffentlichkeit statt. Auch die Angeh\u00f6rigen Rezaians d\u00fcrfen nicht dabei sein.<br \/>Der Prozess befasst sich auch mit der Ehefrau Rezaians, der Journalistin Yeganeh Salehi, sowie einer weiteren iranisch-amerikanischen Fotografin. Die drei waren Ende Juli vergangenen Jahres festgenommen worden. Die beiden Frauen kamen gegen Kaution frei, Rezaian aber sitzt seitdem im ber\u00fcchtigten Ewin-Gef\u00e4ngnis im Norden Teherans.<br \/>Der Besuchsantrag der Schweizer Botschaft soll abgelehnt worden sein, weil laut iranischen Gesetzen nur die Nationalit\u00e4t des Vaters &#8211; und nicht der Mutter &#8211; z\u00e4hlt. Da Rezaians Vater Iraner ist, gelten f\u00fcr ihn die gleichen Kriterien wie f\u00fcr einen iranischen Staatsb\u00fcrger. Dementsprechend habe er auch kein Recht auf konsularischen Beistand.<br \/>Quelle: n-tv.de , nsc\/dpa<\/p>\n","protected":false},"excerpt":{"rendered":"<p style=\"text-align: justify;\"><span style=\"color: #888888;\">Montag, 25. Mai 2015 -IranSOS-<\/span> n-tv &#8211;\u00a0 Seit zehn Monaten sitzt der Iran-Korrespondent der &#8220;Washington Post&#8221; in Teheran im Gef\u00e4ngnis. An diesem Dienstag soll ein Prozess wegen Spionage beginnen. Die die USA vertretende Schweizer Botschaft bem\u00fcht sich vergeblich um eine Besuchserlaubnis.<\/p>\n","protected":false},"author":1,"featured_media":0,"comment_status":"open","ping_status":"open","sticky":false,"template":"","format":"standard","meta":{"footnotes":""},"categories":[1],"tags":[196],"class_list":["post-202","post","type-post","status-publish","format-standard","hentry","category-allgemein","tag-jason-rezaian"],"_links":{"self":[{"href":"https:\/\/iransos.com\/deutsch\/index.php?rest_route=\/wp\/v2\/posts\/202","targetHints":{"allow":["GET"]}}],"collection":[{"href":"https:\/\/iransos.com\/deutsch\/index.php?rest_route=\/wp\/v2\/posts"}],"about":[{"href":"https:\/\/iransos.com\/deutsch\/index.php?rest_route=\/wp\/v2\/types\/post"}],"author":[{"embeddable":true,"href":"https:\/\/iransos.com\/deutsch\/index.php?rest_route=\/wp\/v2\/users\/1"}],"replies":[{"embeddable":true,"href":"https:\/\/iransos.com\/deutsch\/index.php?rest_route=%2Fwp%2Fv2%2Fcomments&post=202"}],"version-history":[{"count":0,"href":"https:\/\/iransos.com\/deutsch\/index.php?rest_route=\/wp\/v2\/posts\/202\/revisions"}],"wp:attachment":[{"href":"https:\/\/iransos.com\/deutsch\/index.php?rest_route=%2Fwp%2Fv2%2Fmedia&parent=202"}],"wp:term":[{"taxonomy":"category","embeddable":true,"href":"https:\/\/iransos.com\/deutsch\/index.php?rest_route=%2Fwp%2Fv2%2Fcategories&post=202"},{"taxonomy":"post_tag","embeddable":true,"href":"https:\/\/iransos.com\/deutsch\/index.php?rest_route=%2Fwp%2Fv2%2Ftags&post=202"}],"curies":[{"name":"wp","href":"https:\/\/api.w.org\/{rel}","templated":true}]}}