{"id":223,"date":"2015-09-02T16:33:58","date_gmt":"2015-09-02T14:33:58","guid":{"rendered":"http:\/\/iransos.com\/deutsch\/index.php\/2015\/09\/02\/die-lage-der-fluechtlinge-und-migranten\/"},"modified":"2018-03-02T18:33:20","modified_gmt":"2018-03-02T17:33:20","slug":"die-lage-der-fluechtlinge-und-migranten","status":"publish","type":"post","link":"https:\/\/iransos.com\/deutsch\/?p=223","title":{"rendered":"Die Lage der Fl\u00fcchtlinge und Migranten"},"content":{"rendered":"<p style=\"text-align: justify;\"><img loading=\"lazy\" decoding=\"async\" class=\"aligncenter size-medium\" src=\"http:\/\/iransos.com\/deutsch\/images\/2011\/g\/genner-vortrag-sep2015-500.jpg\" width=\"500\" height=\"348\" \/>Einladung zum Vortrag und Diskussionsabend<\/p>\n<p style=\"text-align: justify;\">Michael Genner &#8211; Asyl in Not<\/p>\n<p style=\"text-align: justify;\">Sa. 19. September 2015<\/p>\n<p style=\"text-align: justify;\">In unserer globalen Gesellschaft gibt es noch immer viele Menschen, die unter Ungerechtigkeiten und Menschenrechtsverletzungen leiden.<br \/>\nAus Angst vor B\u00fcrgerkriegen, Armut, ethnischer, religi\u00f6ser und politischer Unterdr\u00fcckung und Verfolgung werden Millionen von Menschen gezwungen zu fl\u00fcchten um sich und ihre Familie zu sch\u00fctzen.<\/p>\n<p style=\"text-align: justify;\"><!--more-->Viele verlassen ihr Herkunftsland, um ein neues Leben zu beginnen, aber f\u00fcr zahlreiche Fl\u00fcchtlinge endet dieses Vorhaben t\u00f6dlich. Zum Beispiel auch in \u00d6sterreich auf der A4 im Burgenland. Dort wurde ein Schlepperfahrzeug mit 71 toten Fl\u00fcchtlingen gefunden.<br \/>\nIn den letzten paar Monaten sind tausende von Fl\u00fcchtlingen und Migranten in \u00d6sterreich eingetroffen um hier Schutz zu suchen und ein neues Lebens zu beginnen.<br \/>\nZahlreiche von ihnen sind noch immer obdachlos und verzweifelt. Hunderte von ihnen warten im Erstaufnahmezentrum Traiskirchen auf Registrierung und Bearbeitung ihres Asylantrages.<br \/>\nDie Migranten und Fl\u00fcchtlinge brauchen eine Perspektive, um aus ihrer trostlosen Lage herauszukommen.<\/p>\n<p style=\"text-align: justify;\">Die Lage ist dramatisch und stimmt jeden von uns nachdenklich.<br \/>\nDie Politik ist gefragt ihren bisherigen Umgang mit diesem dringlichen Thema neu zu \u00fcberdenken und andere Modelle f\u00fcr eine humane Fl\u00fcchtlingspolitik zu entwerfen. Mauern und Z\u00e4une sind keine L\u00f6sung, sondern eine weitere Verschlimmerung die den kriminellen Schleppern neue Gesch\u00e4ftsm\u00f6glichkeiten er\u00f6ffnen.<br \/>\nDie Fl\u00fcchtlinge und Migranten brauchen dringende Unterst\u00fctzung. Am Samstag den 19. September 2015 veranstalten wir einen Vortrags und Diskussionsabend. Michael Genner von \u201eAsyl in Not\u201c berichtet \u00fcber die Lage der Fl\u00fcchtlinge, anschlie\u00dfend wollen wir dar\u00fcber diskutieren, wie ein humaner Umgang mit Fl\u00fcchtlingen zu gew\u00e4hrleisten ist.<\/p>\n<p style=\"text-align: justify;\">Die Lage der Fl\u00fcchtlinge und Migranten<\/p>\n<p style=\"text-align: justify;\">Vortrag und Diskussionsabend<br \/>\nMichael Genner \u2013 Asyl in Not<br \/>\nSa. 19. September 2015 um 18h<br \/>\nWUK-Stg. 5 PPH-Raum<\/p>\n<p style=\"text-align: justify;\">Veranstalter: Menschenrechtsorganisation IranSOS<\/p>\n<p style=\"text-align: justify;\">www.iransos.com<\/p>\n<p style=\"text-align: justify;\">\n","protected":false},"excerpt":{"rendered":"<p>Einladung zum Vortrag und Diskussionsabend<\/p>\n<p>Michael Genner &#8211; Asyl in Not<\/p>\n<p>Sa. 19. September 2015<\/p>\n<p>In unserer globalen Gesellschaft gibt es noch immer viele Menschen, die unter Ungerechtigkeiten und Menschenrechtsverletzungen leiden.<br \/>Aus Angst vor B\u00fcrgerkriegen, Armut, ethnischer, religi\u00f6ser und politischer Unterdr\u00fcckung und Verfolgung werden Millionen von Menschen gezwungen zu fl\u00fcchten um sich und ihre Familie zu sch\u00fctzen.<\/p>\n","protected":false},"author":1,"featured_media":0,"comment_status":"open","ping_status":"open","sticky":false,"template":"","format":"standard","meta":{"footnotes":""},"categories":[325],"tags":[247,246],"class_list":["post-223","post","type-post","status-publish","format-standard","hentry","category-asyl","tag-fluechtline-migranten","tag-michael-genner"],"_links":{"self":[{"href":"https:\/\/iransos.com\/deutsch\/index.php?rest_route=\/wp\/v2\/posts\/223","targetHints":{"allow":["GET"]}}],"collection":[{"href":"https:\/\/iransos.com\/deutsch\/index.php?rest_route=\/wp\/v2\/posts"}],"about":[{"href":"https:\/\/iransos.com\/deutsch\/index.php?rest_route=\/wp\/v2\/types\/post"}],"author":[{"embeddable":true,"href":"https:\/\/iransos.com\/deutsch\/index.php?rest_route=\/wp\/v2\/users\/1"}],"replies":[{"embeddable":true,"href":"https:\/\/iransos.com\/deutsch\/index.php?rest_route=%2Fwp%2Fv2%2Fcomments&post=223"}],"version-history":[{"count":2,"href":"https:\/\/iransos.com\/deutsch\/index.php?rest_route=\/wp\/v2\/posts\/223\/revisions"}],"predecessor-version":[{"id":453,"href":"https:\/\/iransos.com\/deutsch\/index.php?rest_route=\/wp\/v2\/posts\/223\/revisions\/453"}],"wp:attachment":[{"href":"https:\/\/iransos.com\/deutsch\/index.php?rest_route=%2Fwp%2Fv2%2Fmedia&parent=223"}],"wp:term":[{"taxonomy":"category","embeddable":true,"href":"https:\/\/iransos.com\/deutsch\/index.php?rest_route=%2Fwp%2Fv2%2Fcategories&post=223"},{"taxonomy":"post_tag","embeddable":true,"href":"https:\/\/iransos.com\/deutsch\/index.php?rest_route=%2Fwp%2Fv2%2Ftags&post=223"}],"curies":[{"name":"wp","href":"https:\/\/api.w.org\/{rel}","templated":true}]}}