{"id":228,"date":"2016-01-16T18:26:06","date_gmt":"2016-01-16T17:26:06","guid":{"rendered":"http:\/\/iransos.com\/deutsch\/index.php\/2016\/01\/16\/washington-post\/"},"modified":"2018-03-02T18:23:11","modified_gmt":"2018-03-02T17:23:11","slug":"washington-post","status":"publish","type":"post","link":"https:\/\/iransos.com\/deutsch\/?p=228","title":{"rendered":"Nach Verurteilung wegen Spionage: Iran l\u00e4sst &#8220;Washington Post&#8221;-Korrespondenten frei"},"content":{"rendered":"<p style=\"text-align: justify;\"><span style=\"color: #808080;\"><img loading=\"lazy\" decoding=\"async\" class=\"aligncenter size-medium\" src=\"http:\/\/iransos.com\/deutsch\/images\/2011\/j\/j-rezaeian-cort.jpg\" width=\"512\" height=\"288\" \/>16.01.2016 &#8211; DW &#8211;<\/span> Jason Rezaian war 2014 im Iran festgenommen und wegen Spionage verurteilt worden. Mit ihm wurden drei weitere H\u00e4ftlinge mit doppelter Staatsb\u00fcrgerschaft freigelassen, kurz vor der endg\u00fcltigen Umsetzung des Atomabkommens.<\/p>\n<p style=\"text-align: justify;\"><!--more-->In Wien laufen die Verhandlungen \u00fcber das Inkrafttreten des historischen Atomabkommens mit dem Iran. Kurz vorher wurde bekannt, dass Teheran vier Gefangene mit doppelter Staatsb\u00fcrgerschaft freigelassen hat. Die Freilassungen erfolgten im &#8220;nationalen Interesse&#8221; im Rahmen eines Gefangenen-Austauschs auf Anweisung des Nationalen Sicherheitsrates, erkl\u00e4rte der Teheraner Generalstaatsanwalt Abbas Dschafari Dolatabadi. Die Namen der Freigelassenen nannte er zun\u00e4chst nicht.<\/p>\n<p style=\"text-align: justify;\"><img decoding=\"async\" class=\"caption\" style=\"display: block; margin-left: auto; margin-right: auto;\" title=\"Sieg f\u00fcr die Unterst\u00fctzer der Kampagne \" src=\"images\/2011\/j\/j-rezaeian-demo.jpg\" alt=\"\" border=\"0\" \/><img loading=\"lazy\" decoding=\"async\" class=\"aligncenter size-medium\" src=\"http:\/\/iransos.com\/deutsch\/images\/2011\/j\/j-rezaeian-demo.jpg\" width=\"512\" height=\"288\" \/><br \/>\nLaut Medienberichten soll unter den Freigelassenen auch der Iran-Korrespondent Jason Rezaian sein, der f\u00fcr die Wahington-Post arbeitete. Das teilte auch die Zeitung \u00fcber Twitter mit.<br \/>\nRezaian war im Juli 2014 festgenommen und Ende November wegen Spionage zu einer Haftstrafe verurteilt worden, deren L\u00e4nge nicht bekanntgegeben wurde. Seit \u00fcber 500 Tagen sa\u00df er im ber\u00fcchtigten Ewin-Gef\u00e4ngnis in Teheran. Er hat die Anschuldigungen stets bestritten. Er sei im Iran lediglich seiner journalistischen Arbeit nachgegangen. Auch die US-Regierung hat die Anklage als absurd zur\u00fcckgewiesen und die sofortige Haftentlassung Rezaians gefordert. Jetzt sei der Journalist mit iranisch-US-amerikanischer Staatsb\u00fcrgerschaft ebenso wie der Pfarrer Said Abedini unter den Vieren, die jetzt freigelassen worden sein sollen.<br \/>\nGefangenenaustausch als Teil des Atom-Deals?<br \/>\nAu\u00dfer Rezaian und Abedini, dem die Untergrabung der nationalen Sicherheit vorgeworfen wurde, waren im Iran bisher zwei weitere US-B\u00fcrger mit doppelter Staatsb\u00fcrgerschaft inhaftiert. Bei ihnen handelt es sich um den fr\u00fcheren Soldaten Amir Hekmati, der der Spionage bezichtigt wird, sowie den Gesch\u00e4ftsmann Siamak Namazi, der Ende Oktober festgenommen wurde. Washington forderte immer wieder die Freilassung der vier M\u00e4nner. Ob nun tats\u00e4chlich auch Hekmati und Namazi frei kamen, war zun\u00e4chst nicht bekannt.<br \/>\nDer US-Sender CNN berichtete unter Berufung auf US-Quellen, im Rahmen des Gefangenenaustauschs seien auf US-Seite sieben iranische Gefangene freigelassen worden. Die Ank\u00fcndigung erfolgte, w\u00e4hrend in Wien abschlie\u00dfend \u00fcber den Atomdeal beraten wird.<br \/>\npab\/qu (afp, dpa, rtre)<\/p>\n","protected":false},"excerpt":{"rendered":"<p style=\"text-align: justify;\">16.01.2016 &#8211; DW &#8211; Jason Rezaian war 2014 im Iran festgenommen und wegen Spionage verurteilt worden. Mit ihm wurden drei weitere H\u00e4ftlinge mit doppelter Staatsb\u00fcrgerschaft freigelassen, kurz vor der endg\u00fcltigen Umsetzung des Atomabkommens.<\/p>\n","protected":false},"author":1,"featured_media":0,"comment_status":"open","ping_status":"open","sticky":false,"template":"","format":"standard","meta":{"footnotes":""},"categories":[323],"tags":[196],"class_list":["post-228","post","type-post","status-publish","format-standard","hentry","category-menschenrechte","tag-jason-rezaian"],"_links":{"self":[{"href":"https:\/\/iransos.com\/deutsch\/index.php?rest_route=\/wp\/v2\/posts\/228","targetHints":{"allow":["GET"]}}],"collection":[{"href":"https:\/\/iransos.com\/deutsch\/index.php?rest_route=\/wp\/v2\/posts"}],"about":[{"href":"https:\/\/iransos.com\/deutsch\/index.php?rest_route=\/wp\/v2\/types\/post"}],"author":[{"embeddable":true,"href":"https:\/\/iransos.com\/deutsch\/index.php?rest_route=\/wp\/v2\/users\/1"}],"replies":[{"embeddable":true,"href":"https:\/\/iransos.com\/deutsch\/index.php?rest_route=%2Fwp%2Fv2%2Fcomments&post=228"}],"version-history":[{"count":3,"href":"https:\/\/iransos.com\/deutsch\/index.php?rest_route=\/wp\/v2\/posts\/228\/revisions"}],"predecessor-version":[{"id":447,"href":"https:\/\/iransos.com\/deutsch\/index.php?rest_route=\/wp\/v2\/posts\/228\/revisions\/447"}],"wp:attachment":[{"href":"https:\/\/iransos.com\/deutsch\/index.php?rest_route=%2Fwp%2Fv2%2Fmedia&parent=228"}],"wp:term":[{"taxonomy":"category","embeddable":true,"href":"https:\/\/iransos.com\/deutsch\/index.php?rest_route=%2Fwp%2Fv2%2Fcategories&post=228"},{"taxonomy":"post_tag","embeddable":true,"href":"https:\/\/iransos.com\/deutsch\/index.php?rest_route=%2Fwp%2Fv2%2Ftags&post=228"}],"curies":[{"name":"wp","href":"https:\/\/api.w.org\/{rel}","templated":true}]}}