{"id":229,"date":"2016-04-06T17:53:19","date_gmt":"2016-04-06T15:53:19","guid":{"rendered":"http:\/\/iransos.com\/deutsch\/index.php\/2016\/04\/06\/iran-keine-todesstrafe-fuer-jugendliche\/"},"modified":"2018-03-02T18:11:11","modified_gmt":"2018-03-02T17:11:11","slug":"iran-keine-todesstrafe-fuer-jugendliche","status":"publish","type":"post","link":"https:\/\/iransos.com\/deutsch\/?p=229","title":{"rendered":"Iran: Keine Todesstrafe f\u00fcr Jugendliche!"},"content":{"rendered":"<p><span style=\"font-family: tahoma, arial, helvetica, sans-serif;\"><span style=\"color: #808080;\"><img loading=\"lazy\" decoding=\"async\" class=\"size-medium aligncenter\" src=\"http:\/\/iransos.com\/deutsch\/images\/2011\/h\/kid-hin.jpg\" width=\"300\" height=\"180\" \/><\/span><\/span><\/p>\n<p style=\"text-align: justify;\"><span style=\"font-family: tahoma, arial, helvetica, sans-serif;\"><span style=\"color: #808080;\">2016-04-06 &#8211; Amnesty International &#8211;<\/span> Vor mehr als 20 Jahren hat der Iran die UN-Kinderrechtskonvention ratifiziert, die die Todesstrafe f\u00fcr minderj\u00e4hrige Straft\u00e4terinnen und Straft\u00e4ter verbietet. Doch in der Praxis verletzt das Land seine internationalen Verpflichtungen: In den Jahren von 2005 bis 2015 wurden im Iran mindestens 74 jugendliche Straft\u00e4terinnen und Straft\u00e4ter hingerichtet. Nach UN-Angaben befanden sich 2014 mindestens 160 Personen im Todestrakt, die zum Tatzeitpunkt minderj\u00e4hrig waren.<\/span><\/p>\n<p style=\"text-align: justify;\"><span style=\"font-family: tahoma, arial, helvetica, sans-serif;\"><!--more-->Konfrontiert mit Kritik verweisen die iranischen Beh\u00f6rden auf \u00c4nderungen im islamischen Strafgesetz in den vergangenen Jahren. Demnach k\u00f6nnen Richter die Todesstrafe bei jugendlichen Straft\u00e4terinnen und Straft\u00e4tern durch andere Strafen ersetzen, wenn der Richter zu der Ansicht gelangt, dass die jugendliche T\u00e4terin oder der jugendliche T\u00e4ter die Folgen der Tat nicht begreifen konnte oder wenn Zweifel an der geistigen Reife zum Tatzeitpunkt bestehen.<\/span><\/p>\n<p style=\"text-align: justify;\"><span style=\"font-family: tahoma, arial, helvetica, sans-serif;\">Tats\u00e4chlich werden jedoch weiterhin jugendliche Straft\u00e4terinnen und Straft\u00e4ter hingerichtet. Die \u00dcberpr\u00fcfung der Reife der minderj\u00e4hrigen Straft\u00e4terinnen und Straft\u00e4ter besteht h\u00e4ufig lediglich in kurzen Befragungen durch den Richter. Im Fall der 23-j\u00e4hrigen Fatima Salbehi konzentrierten sich die Fragen des Richters darauf, ob sie betet, ob sie religi\u00f6se B\u00fccher in der Schule gelesen hat und ob sie versteht, dass die T\u00f6tung eines Menschen verboten ist. Fatima Salbehi wurde im Oktober 2015 hingerichtet. Sie wurde zum Tode verurteilt, weil sie im Alter von 17 Jahren ihren Ehemann ermordet hat, mit dem sie ein Jahr zuvor zwangsverheiratet worden war.<\/span><\/p>\n<p style=\"text-align: justify;\"><span style=\"font-family: tahoma, arial, helvetica, sans-serif;\">Werden Sie aktiv! Machen Sie mit bei unserer E-Mail-Aktion an den Leiter der Justizbeh\u00f6rden und fordern Sie die Abschaffung der Todesstrafe f\u00fcr jugendliche Straft\u00e4terinnen und Straft\u00e4ter im Iran!<\/span><\/p>\n<p style=\"text-align: justify;\"><span style=\"font-family: tahoma, arial, helvetica, sans-serif;\"><a href=\"http:\/\/action.amnesty.de\/l\/ger\/p\/dia\/action3\/common\/public\/?action_KEY=10303&amp;d=1\">SCHREIBEN SIE DEN VERANTWORTLICHEN!<\/a><\/span><\/p>\n","protected":false},"excerpt":{"rendered":"<p style=\"text-align: justify;\">2016-04-06 &#8211; Amnesty International &#8211; Vor mehr als 20 Jahren hat der Iran die UN-Kinderrechtskonvention ratifiziert, die die Todesstrafe f\u00fcr minderj\u00e4hrige Straft\u00e4terinnen und Straft\u00e4ter verbietet. Doch in der Praxis verletzt das Land seine internationalen Verpflichtungen: In den Jahren von 2005 bis 2015 wurden im Iran mindestens 74 jugendliche Straft\u00e4terinnen und Straft\u00e4ter hingerichtet. Nach UN-Angaben befanden sich 2014 mindestens 160 Personen im Todestrakt, die zum Tatzeitpunkt minderj\u00e4hrig waren.<\/p>\n","protected":false},"author":1,"featured_media":0,"comment_status":"open","ping_status":"open","sticky":false,"template":"","format":"standard","meta":{"footnotes":""},"categories":[323],"tags":[331,333,334,250],"class_list":["post-229","post","type-post","status-publish","format-standard","hentry","category-menschenrechte","tag-hinrichtung-minderjaehrige","tag-kinderrechtskonvention","tag-todesstrafe-fuer-minderjaehrige","tag-todesstrafe-fuer-minderjaehrige-straftaeterinnen-und-straftaeter"],"_links":{"self":[{"href":"https:\/\/iransos.com\/deutsch\/index.php?rest_route=\/wp\/v2\/posts\/229","targetHints":{"allow":["GET"]}}],"collection":[{"href":"https:\/\/iransos.com\/deutsch\/index.php?rest_route=\/wp\/v2\/posts"}],"about":[{"href":"https:\/\/iransos.com\/deutsch\/index.php?rest_route=\/wp\/v2\/types\/post"}],"author":[{"embeddable":true,"href":"https:\/\/iransos.com\/deutsch\/index.php?rest_route=\/wp\/v2\/users\/1"}],"replies":[{"embeddable":true,"href":"https:\/\/iransos.com\/deutsch\/index.php?rest_route=%2Fwp%2Fv2%2Fcomments&post=229"}],"version-history":[{"count":2,"href":"https:\/\/iransos.com\/deutsch\/index.php?rest_route=\/wp\/v2\/posts\/229\/revisions"}],"predecessor-version":[{"id":444,"href":"https:\/\/iransos.com\/deutsch\/index.php?rest_route=\/wp\/v2\/posts\/229\/revisions\/444"}],"wp:attachment":[{"href":"https:\/\/iransos.com\/deutsch\/index.php?rest_route=%2Fwp%2Fv2%2Fmedia&parent=229"}],"wp:term":[{"taxonomy":"category","embeddable":true,"href":"https:\/\/iransos.com\/deutsch\/index.php?rest_route=%2Fwp%2Fv2%2Fcategories&post=229"},{"taxonomy":"post_tag","embeddable":true,"href":"https:\/\/iransos.com\/deutsch\/index.php?rest_route=%2Fwp%2Fv2%2Ftags&post=229"}],"curies":[{"name":"wp","href":"https:\/\/api.w.org\/{rel}","templated":true}]}}