{"id":239,"date":"2016-05-21T17:54:58","date_gmt":"2016-05-21T15:54:58","guid":{"rendered":"http:\/\/iransos.com\/deutsch\/index.php\/2016\/05\/21\/windbuechler-iran\/"},"modified":"2018-03-02T17:41:30","modified_gmt":"2018-03-02T16:41:30","slug":"windbuechler-iran","status":"publish","type":"post","link":"https:\/\/iransos.com\/deutsch\/?p=239","title":{"rendered":"Windb\u00fcchler: Iran sch\u00fcchtert mit erneuter Haftstrafe f\u00fcr Mohammadi alle MenschenrechtsverteidigerInnen ein"},"content":{"rendered":"<div style=\"width: 522px\" class=\"wp-caption aligncenter\"><img loading=\"lazy\" decoding=\"async\" class=\"size-medium\" src=\"http:\/\/iransos.com\/deutsch\/images\/2011\/n\/narges-mohammadi-5.jpg\" width=\"512\" height=\"313\" \/><p class=\"wp-caption-text\"><\/span> <span style=\"font-family: tahoma, arial, helvetica, sans-serif;\">iranische Journalistin und Menschenrechtsverteidigerin Narges Mohammadi<\/span><\/p><\/div>\n<p style=\"text-align: justify;\"><span style=\"font-family: tahoma, arial, helvetica, sans-serif;\"><strong>Gr\u00fcne: Vernichtendes iranisches Urteil darf von Bundesregierung nicht unkommentiert bleiben &#8211; APA &#8211; <\/strong><em>Wien (OTS)<\/em> &#8211; \u201eDas Urteil des Teheraner Revolutionsgerichts zu 16 Jahre Haft f\u00fcr die schwer kranke iranische Menschenrechtsverteidigerin und Journalistin Narges Mohammadi ist ein klarer Versuch, all diejenigen einzusch\u00fcchtern, die Irans Menschenrechtsverletzungen \u00f6ffentlich machen\u201c, zeigt sich Tanja Windb\u00fcchler, au\u00dfenpolitische Sprecherin der Gr\u00fcnen, emp\u00f6rt.<\/span><\/p>\n<p><span style=\"font-family: tahoma, arial, helvetica, sans-serif;\"><!--more-->\u201eBereits vor einem Jahr habe ich Au\u00dfenminister Kurz in einem offenen Brief aufgefordert, sich auf bilateraler und internationaler Ebene f\u00fcr die sofortige Freilassung von Mohammadi einzusetzen. Nun wurde sie erneut zu einer langen Haftstrafe verurteilt, und das, obwohl sie sobald als m\u00f6glich und dringend medizinische Behandlung ben\u00f6tigt.\u201c<\/span><\/p>\n<p style=\"text-align: justify;\"><span style=\"font-family: tahoma, arial, helvetica, sans-serif;\">\u201eEindringlich appelliere ich daher abermals an <a href=\"http:\/\/www.ots.at\/p\/sebastian-kurz\">Sebastian Kurz<\/a>, sich mit allen ihm zur Verf\u00fcgung stehenden Mitteln daf\u00fcr einzusetzen, dass Narges Mohammadi aus der Haft entlassen wird\u201c, sagt die Gr\u00fcne.<\/span><\/p>\n<p style=\"text-align: justify;\"><span style=\"font-family: tahoma, arial, helvetica, sans-serif;\">Narges Mohammadi ist als Sprecherin des von Friedensnobelpreistr\u00e4gerin Shirin Ebadi gegr\u00fcndeten Zentrums f\u00fcr Menschenrechtsverteidiger bekannt. Mehrmals schon wurde sie inhaftiert. Seit Anfang Mai 2015 sitzt sie nun im Gef\u00e4ngnis, wo es ihr bis dato nicht m\u00f6glich ist, ihre schwere neurologische Erkrankung behandeln zu lassen.<\/span><\/p>\n<p style=\"text-align: justify;\"><span style=\"font-family: tahoma, arial, helvetica, sans-serif;\"><strong>R\u00fcckfragen &amp; Kontakt:<\/strong><\/span><\/p>\n<p style=\"text-align: justify;\"><span style=\"font-family: tahoma, arial, helvetica, sans-serif;\">Gr\u00fcner Klub im Parlament<\/span><br \/>\n<span style=\"font-family: tahoma, arial, helvetica, sans-serif;\"> +43-1 40110-6697<\/span><br \/>\n<span style=\"font-family: tahoma, arial, helvetica, sans-serif;\"> <a href=\"http:\/\/www.ots.at\/email\/presse\/gruene.at\">presse@gruene.at<\/a><\/span><\/p>\n<p style=\"text-align: justify;\"><span style=\"font-family: tahoma, arial, helvetica, sans-serif;\">\u00a0<\/span><\/p>\n","protected":false},"excerpt":{"rendered":"<p style=\"text-align: justify;\"><strong>Gr\u00fcne: Vernichtendes iranisches Urteil darf von Bundesregierung nicht unkommentiert bleiben &#8211; APA &#8211; <\/strong><em>Wien (OTS)<\/em> &#8211; \u201eDas Urteil des Teheraner Revolutionsgerichts zu 16 Jahre Haft f\u00fcr die schwer kranke iranische Menschenrechtsverteidigerin und Journalistin Narges Mohammadi ist ein klarer Versuch, all diejenigen einzusch\u00fcchtern, die Irans Menschenrechtsverletzungen \u00f6ffentlich machen\u201c, zeigt sich Tanja Windb\u00fcchler, au\u00dfenpolitische Sprecherin der Gr\u00fcnen, emp\u00f6rt.<\/p>\n","protected":false},"author":1,"featured_media":0,"comment_status":"open","ping_status":"open","sticky":false,"template":"","format":"standard","meta":{"footnotes":""},"categories":[323],"tags":[261],"class_list":["post-239","post","type-post","status-publish","format-standard","hentry","category-menschenrechte","tag-narges-mohammadi"],"_links":{"self":[{"href":"https:\/\/iransos.com\/deutsch\/index.php?rest_route=\/wp\/v2\/posts\/239","targetHints":{"allow":["GET"]}}],"collection":[{"href":"https:\/\/iransos.com\/deutsch\/index.php?rest_route=\/wp\/v2\/posts"}],"about":[{"href":"https:\/\/iransos.com\/deutsch\/index.php?rest_route=\/wp\/v2\/types\/post"}],"author":[{"embeddable":true,"href":"https:\/\/iransos.com\/deutsch\/index.php?rest_route=\/wp\/v2\/users\/1"}],"replies":[{"embeddable":true,"href":"https:\/\/iransos.com\/deutsch\/index.php?rest_route=%2Fwp%2Fv2%2Fcomments&post=239"}],"version-history":[{"count":3,"href":"https:\/\/iransos.com\/deutsch\/index.php?rest_route=\/wp\/v2\/posts\/239\/revisions"}],"predecessor-version":[{"id":425,"href":"https:\/\/iransos.com\/deutsch\/index.php?rest_route=\/wp\/v2\/posts\/239\/revisions\/425"}],"wp:attachment":[{"href":"https:\/\/iransos.com\/deutsch\/index.php?rest_route=%2Fwp%2Fv2%2Fmedia&parent=239"}],"wp:term":[{"taxonomy":"category","embeddable":true,"href":"https:\/\/iransos.com\/deutsch\/index.php?rest_route=%2Fwp%2Fv2%2Fcategories&post=239"},{"taxonomy":"post_tag","embeddable":true,"href":"https:\/\/iransos.com\/deutsch\/index.php?rest_route=%2Fwp%2Fv2%2Ftags&post=239"}],"curies":[{"name":"wp","href":"https:\/\/api.w.org\/{rel}","templated":true}]}}