{"id":247,"date":"2016-10-19T13:10:52","date_gmt":"2016-10-19T11:10:52","guid":{"rendered":"http:\/\/iransos.com\/deutsch\/index.php\/2016\/10\/19\/pastor-iran\/"},"modified":"2018-03-01T19:51:17","modified_gmt":"2018-03-01T18:51:17","slug":"pastor-iran","status":"publish","type":"post","link":"https:\/\/iransos.com\/deutsch\/?p=247","title":{"rendered":"Pastor im Iran nach f\u00fcnf Jahren Haft entlassen"},"content":{"rendered":"<p style=\"text-align: justify;\">18.10.2016- evangelisch.de &#8211;\u00a0Der iranische Pastor Behnam Irani ist nach f\u00fcnf Jahren Haft freigelassen worden. Wie die Internationale Gesellschaft f\u00fcr Menschenrechte (IGFM) am Dienstag in Frankfurt am Main mitteilte, konnte Irani am Montag zu seiner Familie zur\u00fcckkehren. Der 1960 geborene Pastor war 1992 vom Islam zum Christentum konvertiert. Wegen seiner Aktivit\u00e4t in einem Netzwerk von Hauskirchen wurde er 2011 inhaftiert.<\/p>\n<p style=\"text-align: justify;\"><!--more-->&#8220;Ich bin sehr gl\u00fccklich und dankbar, dass Pastor Behnam Irani nun nach so langer und schwerer Folterhaft endlich wieder auf freiem Fu\u00df ist&#8221;, erkl\u00e4rte der Vorsitzende des Evangelischen Arbeitskreises der CDU\/CSU, Thomas Rachel. Der Staatssekret\u00e4r im Bundesbildungsministerium, der auch Mitglied im Rat der Evangelischen Kirche in Deutschland (EKD) ist, hat sich nach Angaben der IGFM zusammen mit anderen deutschen Politikern f\u00fcr die Freilassung eingesetzt.<\/p>\n","protected":false},"excerpt":{"rendered":"<p style=\"text-align: justify;\">18.10.2016- evangelisch.de &#8211;\u00a0Der iranische Pastor Behnam Irani ist nach f\u00fcnf Jahren Haft freigelassen worden. Wie die Internationale Gesellschaft f\u00fcr Menschenrechte (IGFM) am Dienstag in Frankfurt am Main mitteilte, konnte Irani am Montag zu seiner Familie zur\u00fcckkehren. Der 1960 geborene Pastor war 1992 vom Islam zum Christentum konvertiert. Wegen seiner Aktivit\u00e4t in einem Netzwerk von Hauskirchen wurde er 2011 inhaftiert.<\/p>\n","protected":false},"author":1,"featured_media":0,"comment_status":"open","ping_status":"open","sticky":false,"template":"","format":"standard","meta":{"footnotes":""},"categories":[323],"tags":[270,271,272],"class_list":["post-247","post","type-post","status-publish","format-standard","hentry","category-menschenrechte","tag-behnam-irani","tag-christentum","tag-konvertirung"],"_links":{"self":[{"href":"https:\/\/iransos.com\/deutsch\/index.php?rest_route=\/wp\/v2\/posts\/247","targetHints":{"allow":["GET"]}}],"collection":[{"href":"https:\/\/iransos.com\/deutsch\/index.php?rest_route=\/wp\/v2\/posts"}],"about":[{"href":"https:\/\/iransos.com\/deutsch\/index.php?rest_route=\/wp\/v2\/types\/post"}],"author":[{"embeddable":true,"href":"https:\/\/iransos.com\/deutsch\/index.php?rest_route=\/wp\/v2\/users\/1"}],"replies":[{"embeddable":true,"href":"https:\/\/iransos.com\/deutsch\/index.php?rest_route=%2Fwp%2Fv2%2Fcomments&post=247"}],"version-history":[{"count":1,"href":"https:\/\/iransos.com\/deutsch\/index.php?rest_route=\/wp\/v2\/posts\/247\/revisions"}],"predecessor-version":[{"id":417,"href":"https:\/\/iransos.com\/deutsch\/index.php?rest_route=\/wp\/v2\/posts\/247\/revisions\/417"}],"wp:attachment":[{"href":"https:\/\/iransos.com\/deutsch\/index.php?rest_route=%2Fwp%2Fv2%2Fmedia&parent=247"}],"wp:term":[{"taxonomy":"category","embeddable":true,"href":"https:\/\/iransos.com\/deutsch\/index.php?rest_route=%2Fwp%2Fv2%2Fcategories&post=247"},{"taxonomy":"post_tag","embeddable":true,"href":"https:\/\/iransos.com\/deutsch\/index.php?rest_route=%2Fwp%2Fv2%2Ftags&post=247"}],"curies":[{"name":"wp","href":"https:\/\/api.w.org\/{rel}","templated":true}]}}