{"id":282,"date":"2018-01-10T17:41:13","date_gmt":"2018-01-10T16:41:13","guid":{"rendered":"http:\/\/iransos.com\/deutsch\/index.php\/2018\/01\/10\/abgeordneter-meldet-3-700-festnahmen-bei-protesten\/"},"modified":"2018-02-27T00:36:37","modified_gmt":"2018-02-26T23:36:37","slug":"abgeordneter-meldet-3-700-festnahmen-bei-protesten","status":"publish","type":"post","link":"https:\/\/iransos.com\/deutsch\/?p=282","title":{"rendered":"Abgeordneter meldet 3.700 Festnahmen bei Protesten"},"content":{"rendered":"<p style=\"text-align: justify;\"><span style=\"font-size: 12pt;\">Dienstag,\u00a009.01.2018<strong> &#8211;\u00a0<\/strong>Zeit\u00a0Online-\u00a0Nach den regierungskritischen Protesten im Iran sollen deutlich mehr Demonstranten in Haft sein als bisher angenommen. Von etwa 3.700 Festnahmen berichtet die Nachrichtenagentur des iranischen Parlaments icana.ir unter Berufung auf den reformorientierten Abgeordneten Mahmud Sadeghi. Bisher war von 1.000 bis 1.800 Verhaftungen die Rede gewesen.\u00a0<\/span><\/p>\n<p style=\"text-align: justify;\"><!--more-->Sadeghi spricht im Interview von einer Liste, die dem Geheimdienst und Innenministerium vorgelegt worden sei und aus der deutlich mehr Verhaftungen hervorgehen. Eine genaue Zahl k\u00f6nne aber nicht ermittelt werden, weil verschiedene Sicherheitskr\u00e4fte und Mitarbeiter des Geheimdienstes an den Festnahmen beteiligt gewesen seien, so Sadeghi. Er forderte die Geheimdienste auf, die Familien der Verhafteten zu informieren.<\/p>\n<p class=\"paragraph\" style=\"text-align: justify;\">Im Iran hatten in der vergangenen Woche landesweite Proteste begonnen, die sich zun\u00e4chst gegen wirtschaftliche Missst\u00e4nde und schlie\u00dflich gegen die iranische F\u00fchrung richteten. 21 Menschen kamen ums Leben, unter ihnen 16 Demonstranten. Viele wurden festgenommen. Auf Verlangen der Reformfraktion im iranischen Parlament soll eine Sonderkommission das Schicksal der Demonstranten aufkl\u00e4ren, die bei den j\u00fcngsten Protesten inhaftiert wurden. Insbesondere solle es dabei um die festgenommenen Studenten gehen, sagte ein Sprecher der Teheraner Universit\u00e4t laut der Nachrichtenagentur Isna.<\/p>\n<p class=\"paragraph\" style=\"text-align: justify;\">Ernsthafte Sorgen um die inhaftierten Demonstranten kamen auf, als beim Freitagsgebet vergangener Woche in Teheran der\u00a0Hardliner Ahmad Chatami sowie Regimeanh\u00e4nger H\u00f6chststrafen gegen einige von ihnen gefordert hatten. Nach Beh\u00f6rdenangaben sind mehr als 200 verhaftete Demonstranten, haupts\u00e4chlich Studenten, bereits wieder freigelassen worden. Weitere sollen folgen. Den Anf\u00fchrern der Proteste, insbesondere Mitgliedern der Oppositionsgruppe Volksmudschahedin, drohe allerdings die Todesstrafe wegen &#8220;Verschw\u00f6rung gegen die F\u00fchrung des Landes&#8221;.<\/p>\n","protected":false},"excerpt":{"rendered":"<p style=\"text-align: justify;\"><span style=\"font-size: 12.16px;\">Dienstag,\u00a0<\/span><strong style=\"font-size: 12.16px;\">09.01.2018 &#8211;\u00a0<\/strong>Zeit\u00a0Online-\u00a0<span style=\"font-size: 12.16px;\">Nach den regierungskritischen Protesten im Iran sollen deutlich mehr Demonstranten in Haft sein als bisher angenommen. Von etwa 3.700 Festnahmen berichtet die Nachrichtenagentur des iranischen Parlaments icana.ir unter Berufung auf den reformorientierten Abgeordneten Mahmud Sadeghi. Bisher war von 1.000 bis 1.800 Verhaftungen die Rede gewesen.\u00a0<\/span><\/p>\n","protected":false},"author":1,"featured_media":0,"comment_status":"open","ping_status":"open","sticky":false,"template":"","format":"standard","meta":{"footnotes":""},"categories":[323],"tags":[303,302],"class_list":["post-282","post","type-post","status-publish","format-standard","hentry","category-menschenrechte","tag-mahmud-sadeghi","tag-protest"],"_links":{"self":[{"href":"https:\/\/iransos.com\/deutsch\/index.php?rest_route=\/wp\/v2\/posts\/282","targetHints":{"allow":["GET"]}}],"collection":[{"href":"https:\/\/iransos.com\/deutsch\/index.php?rest_route=\/wp\/v2\/posts"}],"about":[{"href":"https:\/\/iransos.com\/deutsch\/index.php?rest_route=\/wp\/v2\/types\/post"}],"author":[{"embeddable":true,"href":"https:\/\/iransos.com\/deutsch\/index.php?rest_route=\/wp\/v2\/users\/1"}],"replies":[{"embeddable":true,"href":"https:\/\/iransos.com\/deutsch\/index.php?rest_route=%2Fwp%2Fv2%2Fcomments&post=282"}],"version-history":[{"count":4,"href":"https:\/\/iransos.com\/deutsch\/index.php?rest_route=\/wp\/v2\/posts\/282\/revisions"}],"predecessor-version":[{"id":328,"href":"https:\/\/iransos.com\/deutsch\/index.php?rest_route=\/wp\/v2\/posts\/282\/revisions\/328"}],"wp:attachment":[{"href":"https:\/\/iransos.com\/deutsch\/index.php?rest_route=%2Fwp%2Fv2%2Fmedia&parent=282"}],"wp:term":[{"taxonomy":"category","embeddable":true,"href":"https:\/\/iransos.com\/deutsch\/index.php?rest_route=%2Fwp%2Fv2%2Fcategories&post=282"},{"taxonomy":"post_tag","embeddable":true,"href":"https:\/\/iransos.com\/deutsch\/index.php?rest_route=%2Fwp%2Fv2%2Ftags&post=282"}],"curies":[{"name":"wp","href":"https:\/\/api.w.org\/{rel}","templated":true}]}}