{"id":513,"date":"2018-03-03T16:54:01","date_gmt":"2018-03-03T15:54:01","guid":{"rendered":"http:\/\/iransos.com\/deutsch\/?p=513"},"modified":"2018-03-05T17:02:04","modified_gmt":"2018-03-05T16:02:04","slug":"stahlarbeiter-nach-protesten-festgenommen","status":"publish","type":"post","link":"https:\/\/iransos.com\/deutsch\/?p=513","title":{"rendered":"Stahlarbeiter nach Protesten festgenommen"},"content":{"rendered":"<p style=\"text-align: justify;\"><span style=\"font-size: 12pt;\"><img loading=\"lazy\" decoding=\"async\" class=\"aligncenter size-medium\" src=\"http:\/\/iransos.com\/deutsch\/images\/2011\/h\/handschellen.jpg\" width=\"300\" height=\"150\" \/>03\u00a0<em>M\u00e4rz 2018 &#8211;\u00a0<\/em><\/span><span style=\"font-size: 16px;\">Deutschlandfunk<\/span><span style=\"font-size: 16px;\">\u00a0 &#8211;\u00a0<\/span>Wie\u00a0<a style=\"font-style: inherit;\" href=\"https:\/\/en.radiofarda.com\/a\/iran-steel-workers-arrested-protests\/29073225.html\">Radio Farda<\/a>\u00a0berichtet, hatten sie sich an Kundgebungen in der Provinz Khuzestan beteiligt. Sicherheitskr\u00e4fte f\u00fchrten die M\u00e4nner in der Nacht ab. Zuvor sollen sie bei anderen Stahlarbeitern die Adressen erfragt haben.<\/p>\n<p style=\"text-align: justify;\"><!--more-->In der Stadt Ahvaz wehren sich Mitarbeiter eines Stahlwerks dagegen, dass sie seit drei Monaten nicht mehr bezahlt wurden. Einigen wurde deshalb das Bankkonto geschlossen oder sie waren nicht mehr krankenversichert.<\/p>\n<p>Der Besitzer der Fabrik, Abdolreza Mousavi, schrieb auf Instagram, &#8220;einige b\u00f6sartige Individuen&#8221; h\u00e4tten den Protest unter den Arbeitern gesch\u00fcrt.<\/p>\n<p>Streiks wegen nicht ausgezahlter L\u00f6hnen und Pensionen gibt es im Iran immer wieder. In den letzten Monaten waren die Proteste aber gr\u00f6\u00dfer geworden. Die F\u00fchrung des Landes macht angebliche &#8220;Feinde aus dem Ausland&#8221; daf\u00fcr verantwortlich.<\/p>\n<p style=\"text-align: justify;\"><em style=\"font-weight: inherit;\">Diese Nachricht wurde am 03.03.2018 im Programm Deutschlandfunk Nova gesendet.<\/em><\/p>\n<p style=\"text-align: justify;\">\n<h1 style=\"text-align: justify;\"><\/h1>\n","protected":false},"excerpt":{"rendered":"<p>03\u00a0M\u00e4rz 2018 &#8211;\u00a0Deutschlandfunk\u00a0 &#8211;\u00a0Wie\u00a0Radio Farda\u00a0berichtet, hatten sie sich an Kundgebungen in der Provinz Khuzestan beteiligt. Sicherheitskr\u00e4fte f\u00fchrten die M\u00e4nner in der Nacht ab. Zuvor sollen sie bei anderen Stahlarbeitern die<\/p>\n","protected":false},"author":1,"featured_media":0,"comment_status":"open","ping_status":"open","sticky":false,"template":"","format":"standard","meta":{"footnotes":""},"categories":[322],"tags":[],"class_list":["post-513","post","type-post","status-publish","format-standard","hentry","category-news"],"_links":{"self":[{"href":"https:\/\/iransos.com\/deutsch\/index.php?rest_route=\/wp\/v2\/posts\/513","targetHints":{"allow":["GET"]}}],"collection":[{"href":"https:\/\/iransos.com\/deutsch\/index.php?rest_route=\/wp\/v2\/posts"}],"about":[{"href":"https:\/\/iransos.com\/deutsch\/index.php?rest_route=\/wp\/v2\/types\/post"}],"author":[{"embeddable":true,"href":"https:\/\/iransos.com\/deutsch\/index.php?rest_route=\/wp\/v2\/users\/1"}],"replies":[{"embeddable":true,"href":"https:\/\/iransos.com\/deutsch\/index.php?rest_route=%2Fwp%2Fv2%2Fcomments&post=513"}],"version-history":[{"count":1,"href":"https:\/\/iransos.com\/deutsch\/index.php?rest_route=\/wp\/v2\/posts\/513\/revisions"}],"predecessor-version":[{"id":514,"href":"https:\/\/iransos.com\/deutsch\/index.php?rest_route=\/wp\/v2\/posts\/513\/revisions\/514"}],"wp:attachment":[{"href":"https:\/\/iransos.com\/deutsch\/index.php?rest_route=%2Fwp%2Fv2%2Fmedia&parent=513"}],"wp:term":[{"taxonomy":"category","embeddable":true,"href":"https:\/\/iransos.com\/deutsch\/index.php?rest_route=%2Fwp%2Fv2%2Fcategories&post=513"},{"taxonomy":"post_tag","embeddable":true,"href":"https:\/\/iransos.com\/deutsch\/index.php?rest_route=%2Fwp%2Fv2%2Ftags&post=513"}],"curies":[{"name":"wp","href":"https:\/\/api.w.org\/{rel}","templated":true}]}}