{"id":548,"date":"2018-04-20T12:26:13","date_gmt":"2018-04-20T10:26:13","guid":{"rendered":"http:\/\/iransos.com\/deutsch\/?p=548"},"modified":"2018-04-20T12:27:31","modified_gmt":"2018-04-20T10:27:31","slug":"iranische-polizistinnen-schlagen-frau-wegen-kleidung","status":"publish","type":"post","link":"https:\/\/iransos.com\/deutsch\/?p=548","title":{"rendered":"Iranische Polizistinnen schlagen Frau wegen Kleidung"},"content":{"rendered":"<blockquote class=\"twitter-video\" data-lang=\"de\">\n<p dir=\"ltr\" lang=\"en\"><a href=\"https:\/\/twitter.com\/hashtag\/Iran?src=hash&amp;ref_src=twsrc%5Etfw\">#Iran<\/a>\u2019s <a href=\"https:\/\/twitter.com\/hashtag\/Islamic?src=hash&amp;ref_src=twsrc%5Etfw\">#Islamic<\/a> <a href=\"https:\/\/twitter.com\/hashtag\/Hijab?src=hash&amp;ref_src=twsrc%5Etfw\">#Hijab<\/a> Police Beat Young Women almost to Death:<br \/>\nThis is <a href=\"https:\/\/twitter.com\/hashtag\/Islam?src=hash&amp;ref_src=twsrc%5Etfw\">#Islam<\/a>, <a href=\"https:\/\/twitter.com\/hashtag\/Sharia?src=hash&amp;ref_src=twsrc%5Etfw\">#Sharia<\/a> Law &amp; what young secular <a href=\"https:\/\/twitter.com\/hashtag\/Iranians?src=hash&amp;ref_src=twsrc%5Etfw\">#Iranians<\/a> are rejecting.<\/p>\n<p>The very same thing has happened to my doctor sister, to my teenage niece &amp; almost every young woman I know. This is a typical day in Iran. <a href=\"https:\/\/t.co\/w7qTsDQhwE\">pic.twitter.com\/w7qTsDQhwE<\/a><\/p>\n<p>\u2014 Payam Fazli (@payamfazli) <a href=\"https:\/\/twitter.com\/payamfazli\/status\/986759935919734784?ref_src=twsrc%5Etfw\">19. April 2018<\/a><\/p><\/blockquote>\n<p><script async=\"\" src=\"https:\/\/platform.twitter.com\/widgets.js\" charset=\"utf-8\"><\/script><\/p>\n<p>19. April 2018, 19:09 &#8211; derStandard- Teheran \u2013 Iranische Polizistinnen haben eine junge Frau in Teheran verpr\u00fcgelt, weil sie ihrer Ansicht nach nicht &#8220;islamisch&#8221; gekleidet war. Ein am Donnerstag in den sozialen Medien ver\u00f6ffentlichtes Handyvideo von dem Vorfall sorgte landesweit f\u00fcr gro\u00dfe Emp\u00f6rung. Die junge Frau hatte sich der Festnahme widersetzt und gegen die Vorgehensweise der Sittenpolizei protestiert.<\/p>\n<p><!--more-->Daraufhin verpr\u00fcgelten die Polizistinnen die Frau und schleppten sie mit Gewalt zum Polizeiauto. Offenbar hatte die junge Frau das Kopftuch nicht so getragen wie von den Polizistinnen gewollt, da Haare zu sehen waren.<\/p>\n<p>Nach Angaben der Nachrichtenagentur Isna leiteten sowohl der Innenminister als auch der Polizeichef umgehend Ermittlungen ein. Am Samstag soll dazu ein Bericht vorgelegt werden. Vizepr\u00e4sidentin Massumeh Ebtekar und Schahindocht Molawerdi, die Leiterin der Abteilung f\u00fcr B\u00fcrgerrechte im Pr\u00e4sidialamt, verurteilten die Polizeiaktion scharf. Perser forderten in den sozialen Netzwerken harsche Strafen f\u00fcr die Polizistinnen, einige sogar den R\u00fccktritt vom Polizeichef und Innenminister.<\/p>\n<p>Im Iran m\u00fcssen M\u00e4dchen ab neun Jahren in der \u00d6ffentlichkeit ein Kopftuch sowie einen langen, weiten Mantel tragen. Der Kopftuchzwang ist im Iran zwar seit 40 Jahren Pflicht, genauso lange aber ist die Mehrheit der Frauen dagegen. Seit Dezember letzten Jahres gibt es sogar Proteste gegen den Kopftuchzwang, bei denen Frauen einfach ihr Kopftuch in der \u00d6ffentlichkeit abnehmen. Mindestens 30 Frauen wurden in diesem Zusammenhang bereits festgenommen. (APA, dpa, 19.4.2018)<\/p>\n<p>&nbsp;<\/p>\n","protected":false},"excerpt":{"rendered":"<p>#Iran\u2019s #Islamic #Hijab Police Beat Young Women almost to Death: This is #Islam, #Sharia Law &amp; what young secular #Iranians are rejecting. The very same thing has happened to my<\/p>\n","protected":false},"author":1,"featured_media":0,"comment_status":"open","ping_status":"open","sticky":false,"template":"","format":"standard","meta":{"footnotes":""},"categories":[323],"tags":[326],"class_list":["post-548","post","type-post","status-publish","format-standard","hentry","category-menschenrechte","tag-hidjab"],"_links":{"self":[{"href":"https:\/\/iransos.com\/deutsch\/index.php?rest_route=\/wp\/v2\/posts\/548","targetHints":{"allow":["GET"]}}],"collection":[{"href":"https:\/\/iransos.com\/deutsch\/index.php?rest_route=\/wp\/v2\/posts"}],"about":[{"href":"https:\/\/iransos.com\/deutsch\/index.php?rest_route=\/wp\/v2\/types\/post"}],"author":[{"embeddable":true,"href":"https:\/\/iransos.com\/deutsch\/index.php?rest_route=\/wp\/v2\/users\/1"}],"replies":[{"embeddable":true,"href":"https:\/\/iransos.com\/deutsch\/index.php?rest_route=%2Fwp%2Fv2%2Fcomments&post=548"}],"version-history":[{"count":2,"href":"https:\/\/iransos.com\/deutsch\/index.php?rest_route=\/wp\/v2\/posts\/548\/revisions"}],"predecessor-version":[{"id":550,"href":"https:\/\/iransos.com\/deutsch\/index.php?rest_route=\/wp\/v2\/posts\/548\/revisions\/550"}],"wp:attachment":[{"href":"https:\/\/iransos.com\/deutsch\/index.php?rest_route=%2Fwp%2Fv2%2Fmedia&parent=548"}],"wp:term":[{"taxonomy":"category","embeddable":true,"href":"https:\/\/iransos.com\/deutsch\/index.php?rest_route=%2Fwp%2Fv2%2Fcategories&post=548"},{"taxonomy":"post_tag","embeddable":true,"href":"https:\/\/iransos.com\/deutsch\/index.php?rest_route=%2Fwp%2Fv2%2Ftags&post=548"}],"curies":[{"name":"wp","href":"https:\/\/api.w.org\/{rel}","templated":true}]}}