{"id":551,"date":"2018-04-20T12:34:48","date_gmt":"2018-04-20T10:34:48","guid":{"rendered":"http:\/\/iransos.com\/deutsch\/?p=551"},"modified":"2018-04-20T12:34:48","modified_gmt":"2018-04-20T10:34:48","slug":"iranischer-beamter-wegen-konzertes-in-maschhad-festgenommen","status":"publish","type":"post","link":"https:\/\/iransos.com\/deutsch\/?p=551","title":{"rendered":"Iranischer Beamter wegen Konzertes in Maschhad festgenommen"},"content":{"rendered":"<header class=\"article-header\" data-ct-area=\"articleheader\">\n<div class=\"article__item \">\n<div class=\"metadata\"><time class=\"metadata__date\" datetime=\"2018-04-19T14:00:02+02:00\"><time class=\"metadata__date\" datetime=\"2018-04-19T14:00:02+02:00\">19. April 2018,\u00a0<\/time><\/time>ZeitOnline\u00a0<span class=\"metadata__source\" data-ct-row=\"source\" data-ct-column=\"false\">&#8211;<\/span>Teheran (AFP) Im Iran ist ein Beamter des Kulturministeriums festgenommen worden, nachdem auf einem Konzert in der nord\u00f6stlichen Stadt Maschhad Jungen und M\u00e4dchen zusammen getanzt hatten.<\/div>\n<\/div>\n<\/header>\n<p style=\"text-align: justify;\"><!--more--><\/p>\n<div class=\"article-body article-body--afparticle\" style=\"text-align: justify;\">\n<section class=\"article-page\" data-page-number=\"1\">\n<p class=\"paragraph article__item\">Der Leiter des Ministeriums f\u00fcr Kultur und islamische F\u00fchrung in Maschhadsei wegen &#8220;Untergrabung des \u00f6ffentlichen Anstands und der Missachtung des Gesetzes festgenommen&#8221;, sagte ein Staatsanwalt der Nachrichtenagentur Mizan Online.<\/p>\n<aside class=\"article-notice article__item\">\n<h2 class=\"article-notice__title\"><span style=\"font-size: 10pt;\">Hinweis<\/span><\/h2>\n<p class=\"article-notice__text\"><span style=\"font-size: 10pt;\">Diese Meldung ist Teil des automatisierten Nachrichten-Feeds der Agence France-Presse (AFP). AFP ist eine Nachrichtenagentur, die Medien mit selbst recherchierten und formulierten Meldungen zu aktuellen Ereignissen beliefert.<\/span><\/p>\n<\/aside>\n<\/section>\n<\/div>\n","protected":false},"excerpt":{"rendered":"<p>19. April 2018,\u00a0ZeitOnline\u00a0&#8211;Teheran (AFP) Im Iran ist ein Beamter des Kulturministeriums festgenommen worden, nachdem auf einem Konzert in der nord\u00f6stlichen Stadt Maschhad Jungen und M\u00e4dchen zusammen getanzt hatten.<\/p>\n","protected":false},"author":1,"featured_media":0,"comment_status":"open","ping_status":"open","sticky":false,"template":"","format":"standard","meta":{"footnotes":""},"categories":[323],"tags":[],"class_list":["post-551","post","type-post","status-publish","format-standard","hentry","category-menschenrechte"],"_links":{"self":[{"href":"https:\/\/iransos.com\/deutsch\/index.php?rest_route=\/wp\/v2\/posts\/551","targetHints":{"allow":["GET"]}}],"collection":[{"href":"https:\/\/iransos.com\/deutsch\/index.php?rest_route=\/wp\/v2\/posts"}],"about":[{"href":"https:\/\/iransos.com\/deutsch\/index.php?rest_route=\/wp\/v2\/types\/post"}],"author":[{"embeddable":true,"href":"https:\/\/iransos.com\/deutsch\/index.php?rest_route=\/wp\/v2\/users\/1"}],"replies":[{"embeddable":true,"href":"https:\/\/iransos.com\/deutsch\/index.php?rest_route=%2Fwp%2Fv2%2Fcomments&post=551"}],"version-history":[{"count":1,"href":"https:\/\/iransos.com\/deutsch\/index.php?rest_route=\/wp\/v2\/posts\/551\/revisions"}],"predecessor-version":[{"id":552,"href":"https:\/\/iransos.com\/deutsch\/index.php?rest_route=\/wp\/v2\/posts\/551\/revisions\/552"}],"wp:attachment":[{"href":"https:\/\/iransos.com\/deutsch\/index.php?rest_route=%2Fwp%2Fv2%2Fmedia&parent=551"}],"wp:term":[{"taxonomy":"category","embeddable":true,"href":"https:\/\/iransos.com\/deutsch\/index.php?rest_route=%2Fwp%2Fv2%2Fcategories&post=551"},{"taxonomy":"post_tag","embeddable":true,"href":"https:\/\/iransos.com\/deutsch\/index.php?rest_route=%2Fwp%2Fv2%2Ftags&post=551"}],"curies":[{"name":"wp","href":"https:\/\/api.w.org\/{rel}","templated":true}]}}