{"id":821,"date":"2020-05-06T13:21:15","date_gmt":"2020-05-06T11:21:15","guid":{"rendered":"http:\/\/iransos.com\/deutsch\/?p=821"},"modified":"2020-05-06T13:21:20","modified_gmt":"2020-05-06T11:21:20","slug":"dr-ahmadreza-djalali-befindet-sich-wieder-in-todesgefahr","status":"publish","type":"post","link":"https:\/\/iransos.com\/deutsch\/?p=821","title":{"rendered":"Dr. Ahmadreza Djalali  befindet sich wieder in Todesgefahr"},"content":{"rendered":"<p style=\"text-align: justify;\"><span style=\"font-family: tahoma, arial, helvetica, sans-serif;\"><img loading=\"lazy\" decoding=\"async\" class=\"aligncenter\" src=\"https:\/\/iransos.com\/deutsch\/images\/2011\/a\/ahmadreza-djalali.jpg\" alt=\"\" width=\"524\" height=\"301\" \/>Der in Schweden ans\u00e4ssige iranische Arzt und Wissenschaftler Dr. Ahmadreza Djalali wurde im April 2016 w\u00e4hrend eines Kongressbesuches im Iran festgenommen. Er verbrachte zun\u00e4chst drei Monate in Einzelhaft und ohne Zugang zu einem Rechtsbeistand. Er wurde w\u00e4hrend dieser Zeit gefoltert und unter Druck gesetzt, ein \u201eGest\u00e4ndnis\u201c dar\u00fcber abzulegen, dass er ein Spion f\u00fcr den Geheimdienst Mossad sei. Laut Informationen von Amnesty International habe man ihm gedroht, ihn hinzurichten und seine in Schweden lebenden Kinder sowie seine im Iran lebende Mutter zu t\u00f6ten.<!--more-->Dr. Ahmadreza Djalali hat stets die Anschuldigungen von sich gewiesen und bezeichnet sie als Erfindung der Beh\u00f6rden.<\/span><\/p>\n<p style=\"text-align: justify;\"><span style=\"font-family: tahoma, arial, helvetica, sans-serif;\">Bereits im November 2017 forderte die UN-Arbeitsgruppe f\u00fcr willk\u00fcrliche Inhaftierungen den Iran auf, Dr. Ahmadreza Djalali unverz\u00fcglich freizulassen und ihm ein einklagbares Recht auf Entsch\u00e4digung und andere Formen der Wiedergutmachung einzur\u00e4umen. Nach Ansicht der Arbeitsgruppe wurde sein Recht auf ein faires Gerichtsverfahren so schwer verletzt, dass der Freiheitsentzug als willk\u00fcrlich anzusehen ist.<\/span><\/p>\n<p style=\"text-align: justify;\"><span style=\"font-family: tahoma, arial, helvetica, sans-serif;\">Dr. Ahmadreza Djalali machte als Protest gegen seine unfaire Verhandlung und unzureichende Behandlung im Gef\u00e4ngnis einen l\u00e4ngeren Hungerstreik und befindet sich seit Monaten in einem sehr schlechten Allgemeinzustand. Im Vorjahr wurde bei ihm eine schwere Blutarmut festgestellt und Verdacht auf eine Knochenmarksuppression ge\u00e4u\u00dfert. Im Vorjahr wurde bei ihm eine schwere Blutarmut festgestellt und Verdacht auf eine Knochenmarksuppression ge\u00e4u\u00dfert.<\/span><\/p>\n<p style=\"text-align: justify;\"><span style=\"font-family: tahoma, arial, helvetica, sans-serif;\">Er mu\u0308sste demnach in einem Krankenhaus au\u00dferhalb des Gef\u00e4ngnisses von Fach\u00e4rzten f\u00fcr H\u00e4matologie und Onkologie untersucht und behandelt werden, was bisher nicht stattgefunden hat.<\/span><\/p>\n<p style=\"text-align: justify;\"><span style=\"font-family: tahoma, arial, helvetica, sans-serif;\">Die Anschuldigungen und Verleumdungen, die ihm seit der Verhaftung im Iran durch den Sicherheits- und Justizapparat zugeschrieben wurden, sind nie begr\u00fcndet worden und beruhen lediglich auf unter Folter erzwungene Gest\u00e4ndnisse.<\/span><\/p>\n<p style=\"text-align: justify;\"><span style=\"font-family: tahoma, arial, helvetica, sans-serif;\">Dr. Djalali befindet sich nach unseren Informationen in Gefahr einer bevorstehenden Hinrichtung, zus\u00e4tzlich ist auch die Gefahr f\u00fcr eine Infektion mit Covid-19 durch die schlechten hygienischen Zust\u00e4nde in den Haftanstalten enorm gestiegen.<\/span><\/p>\n<p style=\"text-align: justify;\"><span style=\"font-family: tahoma, arial, helvetica, sans-serif;\">Dr. Ahmadreza Djalali ist in der Tat ein weiteres Opfer mit einer iranisch\/ europ\u00e4ischen Doppelstaatsb\u00fcrgerschaft.<\/span><\/p>\n<p style=\"text-align: justify;\"><span style=\"font-family: tahoma, arial, helvetica, sans-serif;\"><strong>Wir fordern daher, wie es bereits viele internationale Institutionen mehrmals getan haben, die sofortige und bedingungslose Freilassung von Dr. Djalali! <\/strong><\/span><\/p>\n<p style=\"text-align: justify;\"><span style=\"font-family: tahoma, arial, helvetica, sans-serif;\">Wir erinnern die iranischen Beh\u00f6rden daran, dass Dr. Djalali einer offiziellen Einladung zur Teilnahme an einem Kongress im Iran gefolgt war und im Rahmen dessen verhaftet wurde. Eine Verl\u00e4ngerung der Haft oder gar eine Hinrichtung wird zu einem Boykott aller internationalen Kongresse im Iran f\u00fchren m\u00fcssen.<\/span><\/p>\n<p style=\"text-align: justify;\"><span style=\"font-family: tahoma, arial, helvetica, sans-serif;\">Komitee zur Verteidigung der Menschenrechte im Iran\/\u00d6sterreich Medical Professionals for Human Rights in Iran \u2013 Austria<\/span><\/p>\n<p style=\"text-align: justify;\"><span style=\"font-family: tahoma, arial, helvetica, sans-serif;\"><strong>Prof. Dr. Siroos Mirzaei <\/strong><\/span><\/p>\n<p style=\"text-align: justify;\"><span style=\"font-family: tahoma, arial, helvetica, sans-serif;\">Medical Professionals for Human Rights in Iran \u2013 Austria<\/span><\/p>\n<p style=\"text-align: justify;\"><span style=\"font-family: tahoma, arial, helvetica, sans-serif;\"><strong>Dr. Behrouz Bayat <\/strong><\/span><\/p>\n<p style=\"text-align: justify;\"><span style=\"font-family: tahoma, arial, helvetica, sans-serif;\">Komitee zur Verteidigung der Menschenrechte im Iran-\u00d6sterreich<\/span><\/p>\n<p style=\"text-align: justify;\">\n","protected":false},"excerpt":{"rendered":"<p>Der in Schweden ans\u00e4ssige iranische Arzt und Wissenschaftler Dr. Ahmadreza Djalali wurde im April 2016 w\u00e4hrend eines Kongressbesuches im Iran festgenommen. Er verbrachte zun\u00e4chst drei Monate in Einzelhaft und ohne<\/p>\n","protected":false},"author":1,"featured_media":0,"comment_status":"open","ping_status":"open","sticky":false,"template":"","format":"standard","meta":{"footnotes":""},"categories":[323],"tags":[421],"class_list":["post-821","post","type-post","status-publish","format-standard","hentry","category-menschenrechte","tag-dr-ahmadreza-djalali"],"_links":{"self":[{"href":"https:\/\/iransos.com\/deutsch\/index.php?rest_route=\/wp\/v2\/posts\/821","targetHints":{"allow":["GET"]}}],"collection":[{"href":"https:\/\/iransos.com\/deutsch\/index.php?rest_route=\/wp\/v2\/posts"}],"about":[{"href":"https:\/\/iransos.com\/deutsch\/index.php?rest_route=\/wp\/v2\/types\/post"}],"author":[{"embeddable":true,"href":"https:\/\/iransos.com\/deutsch\/index.php?rest_route=\/wp\/v2\/users\/1"}],"replies":[{"embeddable":true,"href":"https:\/\/iransos.com\/deutsch\/index.php?rest_route=%2Fwp%2Fv2%2Fcomments&post=821"}],"version-history":[{"count":1,"href":"https:\/\/iransos.com\/deutsch\/index.php?rest_route=\/wp\/v2\/posts\/821\/revisions"}],"predecessor-version":[{"id":822,"href":"https:\/\/iransos.com\/deutsch\/index.php?rest_route=\/wp\/v2\/posts\/821\/revisions\/822"}],"wp:attachment":[{"href":"https:\/\/iransos.com\/deutsch\/index.php?rest_route=%2Fwp%2Fv2%2Fmedia&parent=821"}],"wp:term":[{"taxonomy":"category","embeddable":true,"href":"https:\/\/iransos.com\/deutsch\/index.php?rest_route=%2Fwp%2Fv2%2Fcategories&post=821"},{"taxonomy":"post_tag","embeddable":true,"href":"https:\/\/iransos.com\/deutsch\/index.php?rest_route=%2Fwp%2Fv2%2Ftags&post=821"}],"curies":[{"name":"wp","href":"https:\/\/api.w.org\/{rel}","templated":true}]}}