{"id":936,"date":"2022-09-23T14:26:24","date_gmt":"2022-09-23T12:26:24","guid":{"rendered":"https:\/\/iransos.com\/deutsch\/?p=936"},"modified":"2022-09-25T00:38:28","modified_gmt":"2022-09-24T22:38:28","slug":"aktivisten-berichten-von-immer-mehr-toten","status":"publish","type":"post","link":"https:\/\/iransos.com\/deutsch\/?p=936","title":{"rendered":"Aktivisten berichten von immer mehr Toten"},"content":{"rendered":"<p style=\"text-align: justify;\"><span style=\"font-family: tahoma, arial, helvetica, sans-serif;\"><span style=\"color: #808080;\"><img decoding=\"async\" class=\"aligncenter\" src=\"https:\/\/iransos.com\/deutsch\/images\/2011\/i\/ir-protest-22-2.png\" \/>23.09.2022 \u2013 tagesschau-<\/span> Nach dem Tod einer 22-J\u00e4hrigen in Polizeigewahrsam kochen die Proteste im Iran weiter hoch: Inzwischen sollen laut Aktivisten 31 Zivilisten get\u00f6tet worden sein. Gr\u00fcnen-Chef Nouripour nennt den Einsatz der Sicherheitskr\u00e4fte &#8220;unverh\u00e4ltnism\u00e4\u00dfig&#8221;.<\/span><\/p>\n<p style=\"text-align: justify;\"><!--more--><span style=\"font-family: tahoma, arial, helvetica, sans-serif;\">Bei Protesten in Dutzenden iranischen St\u00e4dten hat sich die Zahl der Toten offenbar weiter erh\u00f6ht. Die Organisation Iran Human Rights (IHR) mit Sitz in Oslo sprach am Donnerstag von mindestens 31 toten Zivilisten. Nach Angaben des Staatsfernsehens sollen mindestens 17 Menschen ums Leben gekommen sein. Unter den Opfern seien sowohl Sicherheitskr\u00e4fte als auch Demonstranten. Die Beh\u00f6rden schr\u00e4nkten Aktivisten zufolge den Zugang zum Internet weiter ein und blockierten die Onlinenetzwerke Whatsapp und Instagram.<\/span><\/p>\n<p style=\"text-align: justify;\"><span style=\"font-family: tahoma, arial, helvetica, sans-serif;\">Ausl\u00f6ser der Proteste ist der Tod der 22 Jahre alten Iranerin Mahsa Amini. Sie wurde von der Sittenpolizei wegen eines Versto\u00dfes gegen die strenge islamische Kleiderordnung festgenommen. Was genau mit Amini nach ihrer Festnahme geschah, ist unklar. Sie fiel ins Koma und starb sp\u00e4ter in einem Krankenhaus.<\/span><\/p>\n","protected":false},"excerpt":{"rendered":"<p>23.09.2022 \u2013 tagesschau- Nach dem Tod einer 22-J\u00e4hrigen in Polizeigewahrsam kochen die Proteste im Iran weiter hoch: Inzwischen sollen laut Aktivisten 31 Zivilisten get\u00f6tet worden sein. Gr\u00fcnen-Chef Nouripour nennt den<\/p>\n","protected":false},"author":1,"featured_media":0,"comment_status":"open","ping_status":"open","sticky":false,"template":"","format":"standard","meta":{"footnotes":""},"categories":[322],"tags":[448],"class_list":["post-936","post","type-post","status-publish","format-standard","hentry","category-news","tag-mahsa-amini"],"_links":{"self":[{"href":"https:\/\/iransos.com\/deutsch\/index.php?rest_route=\/wp\/v2\/posts\/936","targetHints":{"allow":["GET"]}}],"collection":[{"href":"https:\/\/iransos.com\/deutsch\/index.php?rest_route=\/wp\/v2\/posts"}],"about":[{"href":"https:\/\/iransos.com\/deutsch\/index.php?rest_route=\/wp\/v2\/types\/post"}],"author":[{"embeddable":true,"href":"https:\/\/iransos.com\/deutsch\/index.php?rest_route=\/wp\/v2\/users\/1"}],"replies":[{"embeddable":true,"href":"https:\/\/iransos.com\/deutsch\/index.php?rest_route=%2Fwp%2Fv2%2Fcomments&post=936"}],"version-history":[{"count":1,"href":"https:\/\/iransos.com\/deutsch\/index.php?rest_route=\/wp\/v2\/posts\/936\/revisions"}],"predecessor-version":[{"id":937,"href":"https:\/\/iransos.com\/deutsch\/index.php?rest_route=\/wp\/v2\/posts\/936\/revisions\/937"}],"wp:attachment":[{"href":"https:\/\/iransos.com\/deutsch\/index.php?rest_route=%2Fwp%2Fv2%2Fmedia&parent=936"}],"wp:term":[{"taxonomy":"category","embeddable":true,"href":"https:\/\/iransos.com\/deutsch\/index.php?rest_route=%2Fwp%2Fv2%2Fcategories&post=936"},{"taxonomy":"post_tag","embeddable":true,"href":"https:\/\/iransos.com\/deutsch\/index.php?rest_route=%2Fwp%2Fv2%2Ftags&post=936"}],"curies":[{"name":"wp","href":"https:\/\/api.w.org\/{rel}","templated":true}]}}