{"id":940,"date":"2022-09-25T00:58:57","date_gmt":"2022-09-24T22:58:57","guid":{"rendered":"https:\/\/iransos.com\/deutsch\/?p=940"},"modified":"2022-09-25T00:58:57","modified_gmt":"2022-09-24T22:58:57","slug":"zahl-der-toten-steigt-auf-mindestens-50","status":"publish","type":"post","link":"https:\/\/iransos.com\/deutsch\/?p=940","title":{"rendered":"Zahl der Toten steigt auf mindestens 50"},"content":{"rendered":"<div style=\"width: 958px\" class=\"wp-caption aligncenter\"><img loading=\"lazy\" decoding=\"async\" src=\"https:\/\/iransos.com\/deutsch\/images\/2011\/i\/ir-protest-22-4.png\" alt=\"\" width=\"948\" height=\"533\" \/><p class=\"wp-caption-text\">Proteste in Teheran Foto: &#8211; \/ AFP<\/p><\/div>\n<p style=\"text-align: justify;\"><span style=\"font-family: tahoma, arial, helvetica, sans-serif;\"><span style=\"color: #808080;\">23.09.2022 -Spiegel-\u00a0<\/span> Der Tod von Mahsa Amini l\u00f6ste eine Welle an Demonstrationen aus. Laut Menschenrechtsaktivisten sind in Iran dabei bisher 50 Menschen ums Leben gekommen. Die Journalistin, die Aminis Fall \u00f6ffentlich machte, wurde festgenommen.<\/span><\/p>\n<p style=\"text-align: justify;\"><!--more--><span style=\"font-family: tahoma, arial, helvetica, sans-serif;\">Bei der gewaltsamen Niederschlagung der Proteste in Iran nach dem Tod von Mahsa Amini sind nach Angaben von Menschenrechtsaktivisten bislang mindestens 50 Menschen get\u00f6tet worden. Zuletzt seien sechs Menschen am Donnerstagabend in Reswanschahr in der nordiranischen Provinz Gilan von Sicherheitskr\u00e4ften erschossen worden, teilte die Organisation Iran Human Rights (IHR) mit Sitz in Oslo mit. Tausende Gegendemonstranten gingen f\u00fcr das Tragen von Kopft\u00fcchern auf die Stra\u00dfe.<\/span><\/p>\n<p style=\"text-align: justify;\"><span style=\"font-family: tahoma, arial, helvetica, sans-serif;\">Ausgel\u00f6st wurden die landesweiten Proteste, die sich nach IHR-Angaben inzwischen auf rund 80 St\u00e4dte ausgeweitet haben, durch den Tod der 22-j\u00e4hrigen Mahsa Amini vor einer Woche. Sie war von der Sittenpolizei festgenommen worden, weil sie das islamische Kopftuch angeblich nicht den strikten Vorschriften entsprechend trug.<\/span><\/p>\n<p style=\"text-align: justify;\"><span style=\"font-family: tahoma, arial, helvetica, sans-serif;\">Amini brach unter ungekl\u00e4rten Umst\u00e4nden auf der Polizeiwache zusammen und wurde drei Tage sp\u00e4ter im Krankenhaus f\u00fcr tot erkl\u00e4rt. Laut Polizei hatte sie einen Herzanfall. Menschenrechtsaktivisten zufolge erlitt die junge Frau jedoch einen t\u00f6dlichen Schlag auf den Kopf.<\/span><\/p>\n<p style=\"text-align: justify;\"><strong><span style=\"font-family: tahoma, arial, helvetica, sans-serif;\">Gegenproteste f\u00fcr das Tragen des Kopftuchs<\/span><\/strong><\/p>\n<p style=\"text-align: justify;\"><span style=\"font-family: tahoma, arial, helvetica, sans-serif;\">Laut IHR waren auch aus den nordiranischen Ortschaften Babol und Amol Todesf\u00e4lle gemeldet worden. \u00bbDie internationale Gemeinschaft muss der iranischen Bev\u00f6lkerung gegen eines der repressivsten Regime unserer Zeit beistehen\u00ab, forderte IHR-Leiter Mahmood Amiry-Moghaddam. Die iranischen Beh\u00f6rden geben die Zahl der Toten offiziell mit 17 an, darunter seien f\u00fcnf Sicherheitskr\u00e4fte.<\/span><\/p>\n<p style=\"text-align: justify;\"><span style=\"font-family: tahoma, arial, helvetica, sans-serif;\">In der Hauptstadt Teheran demonstrierten am Freitag zahlreiche Menschen f\u00fcr das Tragen des Kopftuchs und folgten damit einem Aufruf der Beh\u00f6rden, wie die staatliche Nachrichtenagentur Irna berichtete. Bei den Gegenprotesten dankten die Teilnehmer den Sicherheitskr\u00e4ften und verurteilten Frauen, die ihre Kopft\u00fccher verbrannt hatten.<\/span><\/p>\n<p style=\"text-align: justify;\"><strong><span style=\"font-family: tahoma, arial, helvetica, sans-serif;\">Aktivist und Reporterin festgenommen<\/span><\/strong><\/p>\n<p style=\"text-align: justify;\"><span style=\"font-family: tahoma, arial, helvetica, sans-serif;\">Die iranischen Beh\u00f6rden nahmen derweil einen bekannten Aktivisten sowie eine Journalistin fest. Bei dem Aktivisten handelt es sich um den mehrfach inhaftierten Madschid Tawakoli. Sein Bruder hatte auf Twitter von der Festnahme berichtet. Die Journalistin ist laut der Tageszeitung \u00bbSchargh\u00ab Nilufar Hamedi. Die Reporterin arbeitet f\u00fcr \u00bbSchargh\u00ab und hatte das Krankenhaus besucht, in dem Amini lag, und mit dazu beigetragen, ihren Fall \u00f6ffentlich zu machen.<\/span><\/p>\n<p style=\"text-align: justify;\"><span style=\"font-family: tahoma, arial, helvetica, sans-serif;\">Zuvor war eine Fotojournalistin festgenommen worden, als sie \u00fcber die Demonstrationen in Teheran gegen die strengen Vorschriften f\u00fcr Frauen berichtet hatte.<\/span><\/p>\n<p style=\"text-align: justify;\"><span style=\"font-family: tahoma, arial, helvetica, sans-serif;\">Bundeskanzler Olaf Scholz bezeichnete den Tod von Amini am Freitag als \u00bbschrecklich\u00ab. Auch die Todesopfer bei den Protesten \u00bbmutiger Frauen\u00ab im Iran \u00bbbedr\u00fccken mich\u00ab, schrieb Scholz auf Twitter.<\/span><\/p>\n<p style=\"text-align: justify;\"><span style=\"font-family: tahoma, arial, helvetica, sans-serif;\">czl\/AFP<\/span><\/p>\n<p style=\"text-align: justify;\">\n<p style=\"text-align: justify;\">\n","protected":false},"excerpt":{"rendered":"<p>23.09.2022 -Spiegel-\u00a0 Der Tod von Mahsa Amini l\u00f6ste eine Welle an Demonstrationen aus. Laut Menschenrechtsaktivisten sind in Iran dabei bisher 50 Menschen ums Leben gekommen. Die Journalistin, die Aminis Fall<\/p>\n","protected":false},"author":1,"featured_media":0,"comment_status":"open","ping_status":"open","sticky":false,"template":"","format":"standard","meta":{"footnotes":""},"categories":[322],"tags":[448],"class_list":["post-940","post","type-post","status-publish","format-standard","hentry","category-news","tag-mahsa-amini"],"_links":{"self":[{"href":"https:\/\/iransos.com\/deutsch\/index.php?rest_route=\/wp\/v2\/posts\/940","targetHints":{"allow":["GET"]}}],"collection":[{"href":"https:\/\/iransos.com\/deutsch\/index.php?rest_route=\/wp\/v2\/posts"}],"about":[{"href":"https:\/\/iransos.com\/deutsch\/index.php?rest_route=\/wp\/v2\/types\/post"}],"author":[{"embeddable":true,"href":"https:\/\/iransos.com\/deutsch\/index.php?rest_route=\/wp\/v2\/users\/1"}],"replies":[{"embeddable":true,"href":"https:\/\/iransos.com\/deutsch\/index.php?rest_route=%2Fwp%2Fv2%2Fcomments&post=940"}],"version-history":[{"count":1,"href":"https:\/\/iransos.com\/deutsch\/index.php?rest_route=\/wp\/v2\/posts\/940\/revisions"}],"predecessor-version":[{"id":941,"href":"https:\/\/iransos.com\/deutsch\/index.php?rest_route=\/wp\/v2\/posts\/940\/revisions\/941"}],"wp:attachment":[{"href":"https:\/\/iransos.com\/deutsch\/index.php?rest_route=%2Fwp%2Fv2%2Fmedia&parent=940"}],"wp:term":[{"taxonomy":"category","embeddable":true,"href":"https:\/\/iransos.com\/deutsch\/index.php?rest_route=%2Fwp%2Fv2%2Fcategories&post=940"},{"taxonomy":"post_tag","embeddable":true,"href":"https:\/\/iransos.com\/deutsch\/index.php?rest_route=%2Fwp%2Fv2%2Ftags&post=940"}],"curies":[{"name":"wp","href":"https:\/\/api.w.org\/{rel}","templated":true}]}}