{"id":951,"date":"2022-09-24T00:23:05","date_gmt":"2022-09-23T22:23:05","guid":{"rendered":"https:\/\/iransos.com\/deutsch\/?p=951"},"modified":"2022-10-04T00:44:07","modified_gmt":"2022-10-03T22:44:07","slug":"noch-mehr-todesopfer-bei-protesten-im-iran","status":"publish","type":"post","link":"https:\/\/iransos.com\/deutsch\/?p=951","title":{"rendered":"Noch mehr Todesopfer bei Protesten im Iran"},"content":{"rendered":"<p style=\"text-align: justify;\"><span style=\"font-family: tahoma, arial, helvetica, sans-serif;\"><span style=\"color: #808080;\"><img decoding=\"async\" src=\"https:\/\/iransos.com\/deutsch\/images\/2011\/i\/ir-proteest-22-12.png\" \/>24.09.2022 -tagesschau-<\/span> <\/span><span style=\"font-family: tahoma, arial, helvetica, sans-serif;\">Nach dem Tod einer jungen Frau lassen die Proteste im Iran nicht nach &#8211; trotz des gewaltsamen Vorgehens der Sicherheitskr\u00e4fte. Aktivisten sprechen inzwischen von 50 Toten. Unerwartete Unterst\u00fctzung kommt nun aus den USA.<\/span><\/p>\n<p><!--more--><span style=\"font-family: tahoma, arial, helvetica, sans-serif;\">Bei den Protesten im Iran sind laut Berichten iranischer Staatsmedien inzwischen mehr als 30 Menschen get\u00f6tet worden. &#8220;Die Zahl der Todesopfer bei den j\u00fcngsten Unruhen im Land ist auf 35 gestiegen&#8221;, berichtete die mit dem Sportministerium verbundene Nachrichtenagentur Borna unter Berufung auf das Staatsfernsehen.<\/span><\/p>\n<p style=\"text-align: justify;\"><span style=\"font-family: tahoma, arial, helvetica, sans-serif;\">Bisher hatten die iranischen Beh\u00f6rden die Zahl der Toten offiziell mit 17 angegeben. Die Menschenrechtsorganisation Iran Human Rights (IHR) mit Sitz in Oslo ging bis Freitag von mindestens 50 Toten aus.<\/span><\/p>\n<h4 style=\"text-align: justify;\"><strong><span style=\"font-family: tahoma, arial, helvetica, sans-serif;\">\u00a0Demonstrationen auch in der vergangenen Nacht<\/span><\/strong><\/h4>\n<p style=\"text-align: justify;\"><span style=\"font-family: tahoma, arial, helvetica, sans-serif;\">Gestern hatten sich nach den Freitagsgebeten in der Hauptstadt Teheran eine Gegendemonstration formiert, deren Teilnehmer gegen die Unruhen protestierten. Die iranische Regierung erkl\u00e4rte, Demonstrationen zu ihrer Unterst\u00fctzung seien spontan erfolgt.<\/span><\/p>\n<p style=\"text-align: justify;\"><span style=\"font-family: tahoma, arial, helvetica, sans-serif;\">\u00a0In der Nacht soll es laut zun\u00e4chst unbest\u00e4tigten Informationen landesweit auch zu erneuten Demonstrationen gegen das islamische System gekommen sein.<\/span><\/p>\n<p style=\"text-align: justify;\"><span style=\"font-family: tahoma, arial, helvetica, sans-serif;\">Im Norden des Landes wurden nach Angaben der staatlichen Nachrichtenagentur Irna mehr als 700 Personen nach Protesten festgenommen. Die Agentur zitiert den Polizeichef der Provinz Gilan, Asisiollah Maleki, mit den Worten: &#8220;Wir haben 739 Krawallmacher, unter ihnen auch 60 Frauen, festgenommen und inhaftiert.&#8221; Den Festgenommenen wird unter anderem vorgeworfen, Polizisten verletzt haben.<\/span><\/p>\n<h4 style=\"text-align: justify;\"><span style=\"font-family: tahoma, arial, helvetica, sans-serif;\"><strong>Proteste nach Tod von Amini<\/strong><\/span><\/h4>\n<p style=\"text-align: justify;\"><span style=\"font-family: tahoma, arial, helvetica, sans-serif;\">Seit einer Woche gehen im islamistisch regierten Iran Hunderttausende Menschen auf die Stra\u00dfe. Ausl\u00f6ser ist der Tod der 22 Jahre alten Iranerin Mahsa Amini. Sie wurde vor einer Woche von der Sittenpolizei wegen eines Versto\u00dfes gegen die strenge islamische Kleiderordnung festgenommen.<\/span><\/p>\n<p style=\"text-align: justify;\"><span style=\"font-family: tahoma, arial, helvetica, sans-serif;\">Was genau mit Amini nach ihrer Festnahme geschah, ist unklar. Jedenfalls fiel sie ins Koma und starb am Freitag vergangener Woche in einem Krankenhaus.<\/span><\/p>\n<h4 style=\"text-align: justify;\"><span style=\"font-family: tahoma, arial, helvetica, sans-serif;\"><strong>Innenminister best\u00e4tigt Angaben der Polizei<\/strong><\/span><\/h4>\n<p style=\"text-align: justify;\"><span style=\"font-family: tahoma, arial, helvetica, sans-serif;\">Kritiker werfen der Moralpolizei vor, Gewalt angewendet zu haben. Die Polizei weist die Vorw\u00fcrfe zur\u00fcck und behauptet, Amini sei wegen eines Herzfehlers ins Koma gefallen und gestorben.<\/span><\/p>\n<p style=\"text-align: justify;\"><span style=\"font-family: tahoma, arial, helvetica, sans-serif;\">Laut Nachrichtenagentur Irna best\u00e4tigte der iranische Innenminister Ahmad Wahidi die Angaben der Polizei. Die medizinischen Untersuchungen und jene der Gerichtsmedizin h\u00e4tten gezeigt, dass es weder Schl\u00e4ge seitens der Polizei noch einen Sch\u00e4delbruch gegeben habe, so der Minister.<\/span><\/p>\n<p style=\"text-align: justify;\"><span style=\"font-family: tahoma, arial, helvetica, sans-serif;\">Die Schl\u00fcsse in diesem Fall und die darauf folgenden Proteste seien daher auf der Basis von falschen Interpretationen entstanden.<\/span><\/p>\n<h4 style=\"text-align: justify;\"><span style=\"font-family: tahoma, arial, helvetica, sans-serif;\"><strong>Geheimdienst: Mehrere Anschl\u00e4ge vereitelt<\/strong><\/span><\/h4>\n<p style=\"text-align: justify;\"><span style=\"font-family: tahoma, arial, helvetica, sans-serif;\">Bei den andauernden Protesten, die sich gegen das gesamte islamische System und dessen Vorschriften richten, vereitelte der iranische Geheimdienst eigenen Angaben zufolge mehrere Bombenanschl\u00e4ge. Die Anschl\u00e4ge seien von Monarchisten und Mitgliedern der Volksmudschaheddin in der Stadt T\u00e4bris im Nordwesten des Landes geplant worden, hie\u00df es in einem Geheimdienstbericht laut der Nachrichtenagentur Mehr. Die Tatverd\u00e4chtigen konnten demnach festgenommen werden.<\/span><\/p>\n<p style=\"text-align: justify;\"><span style=\"font-family: tahoma, arial, helvetica, sans-serif;\">Der Iran behauptet, dass die Demonstrationen vom Ausland und iranischen Exilgruppen gesteuert w\u00fcrden, um das Land zu schw\u00e4chen oder gar die Regierung zu st\u00fcrzen. Der Fall Amini sei daher nur eine Ausrede.<\/span><\/p>\n<p style=\"text-align: justify;\"><span style=\"font-family: tahoma, arial, helvetica, sans-serif;\">&#8220;Proteste ja, Unruhen nein&#8221;, sagte Pr\u00e4sident Ebrahim Raisi. Er werde nicht zulassen, dass Krawallmacher und &#8220;vom Ausland bezahlte S\u00f6ldner&#8221; die Sicherheit des Landes gef\u00e4hrdeten. Daher sollten Polizei, Armee, Revolutionsgarden und auch die Justizbeh\u00f6rde konsequent durchgreifen.<\/span><\/p>\n<p style=\"text-align: justify;\"><span style=\"font-family: tahoma, arial, helvetica, sans-serif;\">Die Demonstranten, haupts\u00e4chlich Frauen, weisen diese Behauptungen zur\u00fcck.<\/span><\/p>\n<h4 style=\"text-align: justify;\"><span style=\"font-family: tahoma, arial, helvetica, sans-serif;\"><strong>Musk will Starlink aktivieren<\/strong><\/span><\/h4>\n<p style=\"text-align: justify;\"><span style=\"font-family: tahoma, arial, helvetica, sans-serif;\">Um die landesweiten Proteste einzud\u00e4mmen, drosselt die iranische Regierung den Zugang zum Internet und schaltet es zeitweise auch ganz ab. Insbesondere mobile Netzwerke sind weitgehend abgeschaltet. Auch Instagram als eines der letzten freien sozialen Netzwerke wurde gesperrt. Einige reichweitenstarke iranische Nachrichtenportale, die \u00fcber die Proteste berichtet hatten, waren im Ausland nicht mehr erreichbar.<\/span><\/p>\n<p style=\"text-align: justify;\"><span style=\"font-family: tahoma, arial, helvetica, sans-serif;\">Tesla-Chef und SpaceX-CEO Elon Musk will deshalb seinen Starlink-Satellitenbreitbanddienst f\u00fcr die Menschen im Iran aktivieren. Dies schrieb Musk am Freitag auf Twitter. Er hatte bereits am Montag mitgeteilt, er wolle eine Ausnahme von den Iran-Sanktionen f\u00fcr seinen Starlink-Service beantragen.<\/span><\/p>\n<p style=\"text-align: justify;\"><span style=\"font-family: tahoma, arial, helvetica, sans-serif;\">Auch US-Au\u00dfenminister Antony Blinken k\u00fcndigte an, die USA h\u00e4tten Ma\u00dfnahmen ergriffen, um den freien Zugang zum Internet im Iran zu verbessern und einen freien Informationsfluss zu erm\u00f6glichen. Nach Angaben des US-Finanzministeriums will die US-Regierung den Internetzugang f\u00fcr Iraner ausbauen &#8211; trotz der bestehenden Sanktionen.<\/span><\/p>\n","protected":false},"excerpt":{"rendered":"<p>24.09.2022 -tagesschau- Nach dem Tod einer jungen Frau lassen die Proteste im Iran nicht nach &#8211; trotz des gewaltsamen Vorgehens der Sicherheitskr\u00e4fte. Aktivisten sprechen inzwischen von 50 Toten. Unerwartete Unterst\u00fctzung<\/p>\n","protected":false},"author":1,"featured_media":0,"comment_status":"open","ping_status":"open","sticky":false,"template":"","format":"standard","meta":{"footnotes":""},"categories":[322],"tags":[],"class_list":["post-951","post","type-post","status-publish","format-standard","hentry","category-news"],"_links":{"self":[{"href":"https:\/\/iransos.com\/deutsch\/index.php?rest_route=\/wp\/v2\/posts\/951","targetHints":{"allow":["GET"]}}],"collection":[{"href":"https:\/\/iransos.com\/deutsch\/index.php?rest_route=\/wp\/v2\/posts"}],"about":[{"href":"https:\/\/iransos.com\/deutsch\/index.php?rest_route=\/wp\/v2\/types\/post"}],"author":[{"embeddable":true,"href":"https:\/\/iransos.com\/deutsch\/index.php?rest_route=\/wp\/v2\/users\/1"}],"replies":[{"embeddable":true,"href":"https:\/\/iransos.com\/deutsch\/index.php?rest_route=%2Fwp%2Fv2%2Fcomments&post=951"}],"version-history":[{"count":1,"href":"https:\/\/iransos.com\/deutsch\/index.php?rest_route=\/wp\/v2\/posts\/951\/revisions"}],"predecessor-version":[{"id":952,"href":"https:\/\/iransos.com\/deutsch\/index.php?rest_route=\/wp\/v2\/posts\/951\/revisions\/952"}],"wp:attachment":[{"href":"https:\/\/iransos.com\/deutsch\/index.php?rest_route=%2Fwp%2Fv2%2Fmedia&parent=951"}],"wp:term":[{"taxonomy":"category","embeddable":true,"href":"https:\/\/iransos.com\/deutsch\/index.php?rest_route=%2Fwp%2Fv2%2Fcategories&post=951"},{"taxonomy":"post_tag","embeddable":true,"href":"https:\/\/iransos.com\/deutsch\/index.php?rest_route=%2Fwp%2Fv2%2Ftags&post=951"}],"curies":[{"name":"wp","href":"https:\/\/api.w.org\/{rel}","templated":true}]}}