{"id":958,"date":"2022-10-02T01:17:05","date_gmt":"2022-10-01T23:17:05","guid":{"rendered":"https:\/\/iransos.com\/deutsch\/?p=958"},"modified":"2022-10-04T01:22:37","modified_gmt":"2022-10-03T23:22:37","slug":"bericht-von-iran-human-rights-iran-protest-aktivisten-melden-133-tote","status":"publish","type":"post","link":"https:\/\/iransos.com\/deutsch\/?p=958","title":{"rendered":"Bericht von &#8220;Iran Human Rights&#8221; : Iran-Protest: Aktivisten melden 133 Tote"},"content":{"rendered":"<div style=\"width: 1290px\" class=\"wp-caption aligncenter\"><img loading=\"lazy\" decoding=\"async\" src=\"https:\/\/iransos.com\/deutsch\/images\/2011\/i\/ir-protest-22-15.png\" alt=\"\" width=\"1280\" height=\"720\" \/><p class=\"wp-caption-text\">Gewaltsame Proteste im Iran Quelle: picture alliance \/ abaca<\/p><\/div>\n<p style=\"text-align: justify;\"><span style=\"font-family: tahoma, arial, helvetica, sans-serif;\"><span style=\"color: #808080;\">02.10.2022-ZDF-<\/span> Nach Berichten von &#8220;Iran Human Rights&#8221; sind bei den anhaltenden Protesten im Iran 133 Menschen get\u00f6tet worden. Die iranischen Beh\u00f6rden t\u00f6teten Demonstranten absichtlich.<\/span><\/p>\n<p style=\"text-align: justify;\"><!--more--><span style=\"font-family: tahoma, arial, helvetica, sans-serif;\">Bei den Protesten nach dem Tod der jungen Kurdin Mahsa Amini im Iran sind nach Angaben der Organisation Iran Human Rights (IHR) bisher 133 Menschen get\u00f6tet worden. Wie die in Oslo ans\u00e4ssige Menschenrechtsorganisation mitteilte, wurden in den zwei Wochen nach dem Tod Aminis mindestens 92 Menschen im Iran im Zuge des Vorgehens der Sicherheitskr\u00e4fte gegen die Demonstranten get\u00f6tet.<\/span><\/p>\n<p style=\"text-align: justify;\"><span style=\"font-family: tahoma, arial, helvetica, sans-serif;\">&#8220;Die internationale Gemeinschaft hat die Pflicht, dieses Verbrechen aufzukl\u00e4ren und weitere Verbrechen verhindern, die von der Islamischen Republik ver\u00fcbt werden&#8221;, erkl\u00e4rte der IHR-Vorsitzende Mahmood Amiry-Moghaddam.<\/span><\/p>\n<h5 style=\"text-align: justify;\"><span style=\"font-family: tahoma, arial, helvetica, sans-serif;\">Amnesty klagt iranische Beh\u00f6rden an<\/span><\/h5>\n<p style=\"text-align: justify;\"><span style=\"font-family: tahoma, arial, helvetica, sans-serif;\">Amnesty International hatte am Freitag berichtet, die iranischen Beh\u00f6rden setzten absichtlich t\u00f6dliche Gewalt zur Unterdr\u00fcckung der anhaltenden Proteste ein. Sie h\u00e4tten &#8220;ihre gut geschliffene Repressionsmaschinerie mobilisiert, um landesweite Proteste r\u00fccksichtslos zu unterdr\u00fccken&#8221;.<\/span><\/p>\n<p style=\"text-align: justify;\"><span style=\"font-family: tahoma, arial, helvetica, sans-serif;\">Die Proteste im Iran waren durch den Tod Aminis ausgel\u00f6st worden. Die 22-j\u00e4hrige Kurdin war am 13. September in Teheran von der Sittenpolizei festgenommen worden, offenbar weil sie das islamische Kopftuch nicht den Regeln entsprechend trug.<\/span><\/p>\n<p style=\"text-align: justify;\"><span style=\"font-family: tahoma, arial, helvetica, sans-serif;\">Amini brach nach ihrer Festnahme unter ungekl\u00e4rten Umst\u00e4nden auf der Polizeiwache zusammen und wurde drei Tage sp\u00e4ter im Krankenhaus f\u00fcr tot erkl\u00e4rt.<\/span><\/p>\n<h5 style=\"text-align: justify;\"><span style=\"font-family: tahoma, arial, helvetica, sans-serif;\">Iran Human Rights: Mehr als Menschen in Sahedan get\u00f6tet<\/span><\/h5>\n<p style=\"text-align: justify;\"><span style=\"font-family: tahoma, arial, helvetica, sans-serif;\">IHR \u00e4u\u00dferte sich auch zu den gewaltsamen Zusammenst\u00f6\u00dfen am Freitag in Sahedan, der Hauptstadt der s\u00fcd\u00f6stlichen Provinz Sistan-Balutschestan. Dabei seien mindestens 41 Menschen get\u00f6tet worden.<\/span><\/p>\n<p style=\"text-align: justify;\"><span style=\"font-family: tahoma, arial, helvetica, sans-serif;\">Die Sicherheitskr\u00e4fte h\u00e4tten die Proteste dort &#8220;blutig unterdr\u00fcckt&#8221;, teilte IHR weiter mit. Diese seien durch Berichte entfacht worden, wonach ein Polizeichef in der Hafenstadt Tschabahar ein 15-j\u00e4hriges M\u00e4dchen vergewaltigt haben soll, das der in der Provinz lebenden sunnitischen Minderheit angeh\u00f6rt.<\/span><\/p>\n<h5 style=\"text-align: justify;\"><strong><span style=\"font-family: tahoma, arial, helvetica, sans-serif;\">&#8220;Iran Human Rights&#8221; wirft Iran &#8220;Verbrechen gegen die Menschlichkeit&#8221; vor<\/span><\/strong><\/h5>\n<p style=\"text-align: justify;\"><span style=\"font-family: tahoma, arial, helvetica, sans-serif;\">Sistan-Balutschestan an der Grenze zu Pakistan ist eine der \u00e4rmsten Regionen des Iran. Dort ist die Minderheit der Belutschen beheimatet, die gr\u00f6\u00dftenteils der sunnitischen Glaubensrichtung des Islam anh\u00e4ngen, w\u00e4hrend der Iran schiitisch dominiert ist.<\/span><\/p>\n<p style=\"text-align: justify;\"><span style=\"font-family: tahoma, arial, helvetica, sans-serif;\">IHR-Chef Amiry-Moghaddam erkl\u00e4rte, der Tod der Demonstranten, insbesondere derjenigen in Sahedan, sei ein &#8220;Verbrechen gegen die Menschlichkeit&#8221;. In den iranischen Staatsmedien wurden die Proteste in Sahedan als &#8220;terroristischer Vorfall&#8221; bezeichnet. F\u00fcnf Mitglieder der Revolutionsw\u00e4chter, des bewaffneten ideologischen Arms der F\u00fchrung in Teheran, seien dabei get\u00f6tet worden.<\/span><\/p>\n<p style=\"text-align: justify;\"><span style=\"font-family: tahoma, arial, helvetica, sans-serif;\">Quelle: AFP<\/span><\/p>\n","protected":false},"excerpt":{"rendered":"<p>02.10.2022-ZDF- Nach Berichten von &#8220;Iran Human Rights&#8221; sind bei den anhaltenden Protesten im Iran 133 Menschen get\u00f6tet worden. Die iranischen Beh\u00f6rden t\u00f6teten Demonstranten absichtlich.<\/p>\n","protected":false},"author":1,"featured_media":0,"comment_status":"open","ping_status":"open","sticky":false,"template":"","format":"standard","meta":{"footnotes":""},"categories":[322],"tags":[301,449,448],"class_list":["post-958","post","type-post","status-publish","format-standard","hentry","category-news","tag-iran-protest","tag-iran-protest-22","tag-mahsa-amini"],"_links":{"self":[{"href":"https:\/\/iransos.com\/deutsch\/index.php?rest_route=\/wp\/v2\/posts\/958","targetHints":{"allow":["GET"]}}],"collection":[{"href":"https:\/\/iransos.com\/deutsch\/index.php?rest_route=\/wp\/v2\/posts"}],"about":[{"href":"https:\/\/iransos.com\/deutsch\/index.php?rest_route=\/wp\/v2\/types\/post"}],"author":[{"embeddable":true,"href":"https:\/\/iransos.com\/deutsch\/index.php?rest_route=\/wp\/v2\/users\/1"}],"replies":[{"embeddable":true,"href":"https:\/\/iransos.com\/deutsch\/index.php?rest_route=%2Fwp%2Fv2%2Fcomments&post=958"}],"version-history":[{"count":2,"href":"https:\/\/iransos.com\/deutsch\/index.php?rest_route=\/wp\/v2\/posts\/958\/revisions"}],"predecessor-version":[{"id":960,"href":"https:\/\/iransos.com\/deutsch\/index.php?rest_route=\/wp\/v2\/posts\/958\/revisions\/960"}],"wp:attachment":[{"href":"https:\/\/iransos.com\/deutsch\/index.php?rest_route=%2Fwp%2Fv2%2Fmedia&parent=958"}],"wp:term":[{"taxonomy":"category","embeddable":true,"href":"https:\/\/iransos.com\/deutsch\/index.php?rest_route=%2Fwp%2Fv2%2Fcategories&post=958"},{"taxonomy":"post_tag","embeddable":true,"href":"https:\/\/iransos.com\/deutsch\/index.php?rest_route=%2Fwp%2Fv2%2Ftags&post=958"}],"curies":[{"name":"wp","href":"https:\/\/api.w.org\/{rel}","templated":true}]}}