{"id":964,"date":"2022-10-12T23:18:37","date_gmt":"2022-10-12T21:18:37","guid":{"rendered":"https:\/\/iransos.com\/deutsch\/?p=964"},"modified":"2022-10-12T23:18:41","modified_gmt":"2022-10-12T21:18:41","slug":"hinrichtungen-von-zahra-und-elham-verhindern","status":"publish","type":"post","link":"https:\/\/iransos.com\/deutsch\/?p=964","title":{"rendered":"Hinrichtungen von Zahra und Elham verhindern!"},"content":{"rendered":"<p style=\"text-align: justify;\"><span style=\"font-family: tahoma, arial, helvetica, sans-serif;\"><img decoding=\"async\" class=\"aligncenter\" src=\"https:\/\/iransos.com\/en\/photo\/2011\/z\/zahara.png\" \/><\/span><\/p>\n<p style=\"text-align: justify;\">Amnesty International- <span style=\"font-family: tahoma, arial, helvetica, sans-serif;\">Seit drei Wochen begeben sich im Iran mutige Menschen in Lebensgefahr, um f\u00fcr Freiheit und Menschenrechte zu demonstrieren. W\u00e4hrenddessen sitzen Zahra Sedighi-Hamadani und Elham Choubdar in der iranischen Stadt Urmia im Gef\u00e4ngnis. Sie warten auf ihre Hinrichtung.<\/span><\/p>\n<p style=\"text-align: justify;\"><!--more--><span style=\"font-family: tahoma, arial, helvetica, sans-serif;\">Der Grund f\u00fcr ihr Todesurteil: ihre sexuelle Orientierung. Zahra und Elham sind Aktivist*innen. Vor ihrer Inhaftierung haben sie Posts \u00fcber LGBTI-Rechte in Sozialen Medien ver\u00f6ffentlicht. Ebenso unterst\u00fctzte Zahra LGBTI+, die vor systematischer Verfolgung aus dem Iran fliehen wollten.<\/span><\/p>\n<p style=\"text-align: justify;\"><span style=\"font-family: tahoma, arial, helvetica, sans-serif;\">Heute, am 10. Oktober, dem Tag gegen die Todesstrafe, denken wir an Zahra, Elham und all die anderen Menschen, die weltweit in Todeszellen sitzen. Denn das Recht auf Leben ist ein Menschenrecht! Deine Spende hilft uns, gegen die Todesstrafe vorzugehen.<\/span><\/p>\n<p style=\"text-align: justify;\"><span style=\"font-family: tahoma, arial, helvetica, sans-serif;\">Amnesty International wendet sich in allen F\u00e4llen gegen die Todesstrafe \u2013 sie ist grausam und mit den Menschenrechten unvereinbar. Unser gemeinsamer Einsatz zeigt Wirkung: Immer mehr Regierungen schaffen die Todesstrafe ab, zuletzt \u00c4quatorialguinea. Gleichzeitig dokumentieren wir, dass die Zahl der Hinrichtungen weltweit seit 2021 wieder zunimmt.<\/span><\/p>\n<p style=\"text-align: justify;\"><span style=\"font-family: tahoma, arial, helvetica, sans-serif;\">Besorgniserregend ist die exzessive Anwendung der Todesstrafe im Iran: Wir wissen von mindestens 251 Hinrichtungen allein im ersten Halbjahr 2022. Die Dunkelziffer ist wohl deutlich h\u00f6her. Wir bef\u00fcrchten, dass im Zusammenhang mit der aktuellen Protestbewegung noch mehr Menschen verurteilt und hingerichtet werden.<\/span><\/p>\n<p style=\"text-align: justify;\"><span style=\"font-family: tahoma, arial, helvetica, sans-serif;\">Wir d\u00fcrfen in unserem Einsatz gegen die Todesstrafe nicht nachgeben! Gemeinsam halten wir den Druck so lange aufrecht, bis alle Staaten weltweit die Todesstrafe per Gesetz oder in der Praxis abgeschafft haben.<\/span><\/p>\n<p style=\"text-align: justify;\"><span style=\"font-family: tahoma, arial, helvetica, sans-serif;\"><a href=\"https:\/\/newsletter2.amnesty.de\/g68dtweb-eadnt6de-s4kqr78j-cgk\">Hinrichtungen von Zahra und Elham verhindern!<\/a><\/span><\/p>\n<p style=\"text-align: justify;\">\n","protected":false},"excerpt":{"rendered":"<p>Amnesty International- Seit drei Wochen begeben sich im Iran mutige Menschen in Lebensgefahr, um f\u00fcr Freiheit und Menschenrechte zu demonstrieren. W\u00e4hrenddessen sitzen Zahra Sedighi-Hamadani und Elham Choubdar in der iranischen<\/p>\n","protected":false},"author":1,"featured_media":0,"comment_status":"open","ping_status":"open","sticky":false,"template":"","format":"standard","meta":{"footnotes":""},"categories":[323],"tags":[451,450],"class_list":["post-964","post","type-post","status-publish","format-standard","hentry","category-menschenrechte","tag-elham-choubdar","tag-zahra-sedighi-hamadani"],"_links":{"self":[{"href":"https:\/\/iransos.com\/deutsch\/index.php?rest_route=\/wp\/v2\/posts\/964","targetHints":{"allow":["GET"]}}],"collection":[{"href":"https:\/\/iransos.com\/deutsch\/index.php?rest_route=\/wp\/v2\/posts"}],"about":[{"href":"https:\/\/iransos.com\/deutsch\/index.php?rest_route=\/wp\/v2\/types\/post"}],"author":[{"embeddable":true,"href":"https:\/\/iransos.com\/deutsch\/index.php?rest_route=\/wp\/v2\/users\/1"}],"replies":[{"embeddable":true,"href":"https:\/\/iransos.com\/deutsch\/index.php?rest_route=%2Fwp%2Fv2%2Fcomments&post=964"}],"version-history":[{"count":2,"href":"https:\/\/iransos.com\/deutsch\/index.php?rest_route=\/wp\/v2\/posts\/964\/revisions"}],"predecessor-version":[{"id":966,"href":"https:\/\/iransos.com\/deutsch\/index.php?rest_route=\/wp\/v2\/posts\/964\/revisions\/966"}],"wp:attachment":[{"href":"https:\/\/iransos.com\/deutsch\/index.php?rest_route=%2Fwp%2Fv2%2Fmedia&parent=964"}],"wp:term":[{"taxonomy":"category","embeddable":true,"href":"https:\/\/iransos.com\/deutsch\/index.php?rest_route=%2Fwp%2Fv2%2Fcategories&post=964"},{"taxonomy":"post_tag","embeddable":true,"href":"https:\/\/iransos.com\/deutsch\/index.php?rest_route=%2Fwp%2Fv2%2Ftags&post=964"}],"curies":[{"name":"wp","href":"https:\/\/api.w.org\/{rel}","templated":true}]}}