{"id":976,"date":"2022-10-31T20:36:13","date_gmt":"2022-10-31T19:36:13","guid":{"rendered":"https:\/\/iransos.com\/deutsch\/?p=976"},"modified":"2022-11-08T20:40:24","modified_gmt":"2022-11-08T19:40:24","slug":"iran-plant-oeffentliche-prozesse","status":"publish","type":"post","link":"https:\/\/iransos.com\/deutsch\/?p=976","title":{"rendered":"Iran plant \u00f6ffentliche Prozesse"},"content":{"rendered":"<div style=\"width: 1034px\" class=\"wp-caption aligncenter\"><img loading=\"lazy\" decoding=\"async\" src=\"https:\/\/iransos.com\/deutsch\/images\/2011\/i\/ir-protest-22-19.png\" alt=\"\" width=\"1024\" height=\"460\" \/><p class=\"wp-caption-text\">Massenproteste gegen Regierung<\/p><\/div>\n<p style=\"text-align: justify;\"><span style=\"font-family: tahoma, arial, helvetica, sans-serif;\"><span style=\"color: #808080;\">31.10.2022 \u2013 tagesschau-<\/span> Der Iran will etwa 1000 Menschen \u00f6ffentlich den Prozess machen, die sich an den Protesten beteiligt haben. Sie m\u00fcssten sich noch ab dieser Woche wegen &#8220;subversiver Aktionen&#8221; vor einem Revolutionsgericht verantworten, melden Staatsmedien.<\/span><\/p>\n<p style=\"text-align: justify;\"><span style=\"font-family: tahoma, arial, helvetica, sans-serif;\"><!--more-->Die iranische F\u00fchrung will wegen der Massenproteste gegen die Regierung etwa 1000 Menschen in der Hauptstadt Teheran \u00f6ffentlich vor Gericht stellen. Die staatliche Nachrichtenagentur Irna berichtete, die Verd\u00e4chtigen m\u00fcssten sich wegen &#8220;subversiver Aktionen&#8221; vor Gericht verantworten. Dazu z\u00e4hlten Angriffe auf Sicherheitskr\u00e4fte, Brandstiftung und weitere Anschuldigungen. Die Prozesse w\u00fcrden vor einem Revolutionsgericht stattfinden und noch diese Woche beginnen.<\/span><\/p>\n<p style=\"text-align: justify;\"><span style=\"font-family: tahoma, arial, helvetica, sans-serif;\">\u00a0&#8220;Diejenigen, die beabsichtigen, das Regime zu konfrontieren und zu untergraben, sind von Ausl\u00e4ndern abh\u00e4ngig und werden nach den gesetzlichen Standards bestraft&#8221;, sagte der iranische Justizchef Gholamhossein Mohseni Edschehi. Er deutete damit an, dass Demonstranten wegen Zusammenarbeit mit ausl\u00e4ndischen Regierungen angeklagt werden w\u00fcrden.<\/span><\/p>\n<p style=\"text-align: justify;\"><span style=\"font-family: tahoma, arial, helvetica, sans-serif;\">Beamte in Teheran haben wiederholt ohne Beweis erkl\u00e4rt, dass ausl\u00e4ndische Feinde des Irans die Unruhen gesch\u00fcrt h\u00e4tten. Edschehi sagte, die Staatsanwaltschaft wolle unterscheiden zwischen w\u00fctenden Iranern, die lediglich ihrem Unmut Luft gemacht h\u00e4tten, und solchen, die die Regierung st\u00fcrzen wollten.<\/span><\/p>\n<p style=\"text-align: justify;\"><span style=\"font-family: tahoma, arial, helvetica, sans-serif;\">Menschenrechtler: Bislang 14.000 Festnahmen<\/span><\/p>\n<p style=\"text-align: justify;\"><span style=\"font-family: tahoma, arial, helvetica, sans-serif;\">Die landesweiten Proteste im Iran begannen vor sechs Wochen und entz\u00fcndeten sich am Tod der 22-j\u00e4hrigen Mahsa Amini nach ihrer Festnahme durch die Sittenpolizei. Ihr wurde vorgeworfen, ihr Kopftuch nicht vorschriftsm\u00e4\u00dfig getragen zu haben. Seitdem richteten sich die Demonstrationen nicht nur gegen die Unterdr\u00fcckung von Frauen, sondern gegen die gesamte geistliche F\u00fchrung des Landes.<\/span><\/p>\n<p style=\"text-align: justify;\"><span style=\"font-family: tahoma, arial, helvetica, sans-serif;\">Sicherheitskr\u00e4fte setzen immer wieder scharfe Munition und Tr\u00e4nengas gegen die Teilnehmer der Protestaktionen ein. Mindestens 270 Menschen kamen nach Angaben von Menschenrechtsaktivisten dabei bislang ums Leben, etwa 14.000 wurden festgenommen.<\/span><\/p>\n","protected":false},"excerpt":{"rendered":"<p>31.10.2022 \u2013 tagesschau- Der Iran will etwa 1000 Menschen \u00f6ffentlich den Prozess machen, die sich an den Protesten beteiligt haben. Sie m\u00fcssten sich noch ab dieser Woche wegen &#8220;subversiver Aktionen&#8221;<\/p>\n","protected":false},"author":1,"featured_media":0,"comment_status":"open","ping_status":"open","sticky":false,"template":"","format":"standard","meta":{"footnotes":""},"categories":[322],"tags":[281,301,449,448],"class_list":["post-976","post","type-post","status-publish","format-standard","hentry","category-news","tag-frauen-im-iran","tag-iran-protest","tag-iran-protest-22","tag-mahsa-amini"],"_links":{"self":[{"href":"https:\/\/iransos.com\/deutsch\/index.php?rest_route=\/wp\/v2\/posts\/976","targetHints":{"allow":["GET"]}}],"collection":[{"href":"https:\/\/iransos.com\/deutsch\/index.php?rest_route=\/wp\/v2\/posts"}],"about":[{"href":"https:\/\/iransos.com\/deutsch\/index.php?rest_route=\/wp\/v2\/types\/post"}],"author":[{"embeddable":true,"href":"https:\/\/iransos.com\/deutsch\/index.php?rest_route=\/wp\/v2\/users\/1"}],"replies":[{"embeddable":true,"href":"https:\/\/iransos.com\/deutsch\/index.php?rest_route=%2Fwp%2Fv2%2Fcomments&post=976"}],"version-history":[{"count":1,"href":"https:\/\/iransos.com\/deutsch\/index.php?rest_route=\/wp\/v2\/posts\/976\/revisions"}],"predecessor-version":[{"id":977,"href":"https:\/\/iransos.com\/deutsch\/index.php?rest_route=\/wp\/v2\/posts\/976\/revisions\/977"}],"wp:attachment":[{"href":"https:\/\/iransos.com\/deutsch\/index.php?rest_route=%2Fwp%2Fv2%2Fmedia&parent=976"}],"wp:term":[{"taxonomy":"category","embeddable":true,"href":"https:\/\/iransos.com\/deutsch\/index.php?rest_route=%2Fwp%2Fv2%2Fcategories&post=976"},{"taxonomy":"post_tag","embeddable":true,"href":"https:\/\/iransos.com\/deutsch\/index.php?rest_route=%2Fwp%2Fv2%2Ftags&post=976"}],"curies":[{"name":"wp","href":"https:\/\/api.w.org\/{rel}","templated":true}]}}