{"id":984,"date":"2022-10-27T21:11:37","date_gmt":"2022-10-27T19:11:37","guid":{"rendered":"https:\/\/iransos.com\/deutsch\/?p=984"},"modified":"2022-11-08T21:26:27","modified_gmt":"2022-11-08T20:26:27","slug":"proteste-im-iran-die-menschen-gehen-nicht-mehr-nach-hause","status":"publish","type":"post","link":"https:\/\/iransos.com\/deutsch\/?p=984","title":{"rendered":"Proteste im Iran &#8220;Die Menschen gehen nicht mehr nach Hause&#8221;"},"content":{"rendered":"<div style=\"width: 1034px\" class=\"wp-caption aligncenter\"><img loading=\"lazy\" decoding=\"async\" src=\"https:\/\/iransos.com\/deutsch\/images\/2011\/s\/shirin-ebadi-5.png\" alt=\"\" width=\"1024\" height=\"460\" \/><p class=\"wp-caption-text\">Die iranische Friedensnobelpreistr\u00e4gerin Shirin Ebadi<\/p><\/div>\n<p style=\"text-align: left;\"><span style=\"color: #808080;\"><span style=\"font-family: tahoma, arial, helvetica, sans-serif;\">27.10.2022<\/span><span style=\"font-family: tahoma, arial, helvetica, sans-serif;\">-tagesschau- <\/span><\/span><span style=\"font-family: tahoma, arial, helvetica, sans-serif;\">Im tagesthemen-Interview erkl\u00e4rt die iranische Friedensnobelpreistr\u00e4gerin Ebadi, was die aktuellen Proteste in ihrem Land von vorherigen Versuchen des Regimesturzes unterscheidet &#8211; und welch bedeutende Rolle Frauen dabei spielen.<\/span><\/p>\n<p><!--more--><span style=\"font-family: tahoma, arial, helvetica, sans-serif;\">tagesthemen: Was geht Ihnen durch den Kopf, wenn Sie die Bilder der vergangenen Wochen &#8211; und besonders nochmal gestern &#8211; aus ihrer Heimat Iran sehen?<\/span><\/p>\n<p style=\"text-align: justify;\"><span style=\"font-family: tahoma, arial, helvetica, sans-serif;\">Shirin Ebadi: Einerseits bin ich stolz auf die Jugend im Iran, die trotz der Unterdr\u00fcckung des Regimes mutig Widerstand leistet, und andererseits bin ich sehr traurig und mache mir Sorgen \u00fcber die Menschen, die dort zu Tode kommen und festgenommen werden.<\/span><\/p>\n<p style=\"text-align: justify;\"><span style=\"background-color: #ffffff; color: #ffffff;\"><strong><span style=\"font-family: tahoma, arial, helvetica, sans-serif;\">Zur Person: Shirin Ebadi<\/span><\/strong><\/span><\/p>\n<p style=\"text-align: justify;\"><strong><span style=\"font-family: tahoma, arial, helvetica, sans-serif; background-color: #000080; color: #ffffff;\">Die iranische Menschenrechtsaktivistin erhielt 2003 als erste muslimische Frau den Friedensnobelpreis. Die 1947 geborene Juristin wurde nach ihrem Studium in Teheran als eine der ersten iranischen Frauen zur Richterin berufen. Nach der Islamischen Revolution musste sie ihren Posten aufgeben. Sie arbeitete fortan als Rechtsanw\u00e4ltin und setzte sich besonders f\u00fcr Kinder- und Frauenrechte ein. Seit Ende 2009 lebt Ebadi im Exil in Gro\u00dfbritannien.<\/span><\/strong><\/p>\n<p style=\"text-align: justify;\"><span style=\"font-family: tahoma, arial, helvetica, sans-serif;\">tagesthemen: Sie haben Ihren Friedensnobelpreis den muslimischen Frauen gewidmet. Wir sehen gerade Frauen an der Speerspitze der aktuellen Proteste nach dem Tod von Mahsa Amini mit dem Ruf: &#8220;Frauen, Leben, Freiheit!&#8221; Warum ist das diesmal so? Woher nehmen die Frauen diesen Mut?<\/span><\/p>\n<p style=\"text-align: justify;\"><span style=\"font-family: tahoma, arial, helvetica, sans-serif;\">Ebadi: Nach der Revolution im Jahr 1979 sind sehr viele diskriminierende Gesetze gegen die Interessen der Frauen verabschiedet worden, und im Namen des Islam sind den Frauen alle Rechte genommen worden. Seit dem ersten Tag haben die Frauen gegen dieses Regime Widerstand geleistet und gek\u00e4mpft.<\/span><\/p>\n<p style=\"text-align: justify;\"><span style=\"font-family: tahoma, arial, helvetica, sans-serif;\">Am Anfang haben die politischen Parteien und die M\u00e4nner die K\u00e4mpfe der iranischen Frauen nicht unterst\u00fctzt &#8211; mit der Begr\u00fcndung, dass wir damit besch\u00e4ftigt sind, gegen den amerikanischen Imperialismus zu k\u00e4mpfen. Wenn wir den Imperialismus besiegt haben, dann kommen die Frauenrechte dran. Dann sind \u00fcber die Jahre viele M\u00e4nner im Iran unterdr\u00fcckt, inhaftiert und get\u00f6tet worden. Und dann haben die Menschen verstanden, dass die Frauenrechte Menschenrechte sind.<\/span><\/p>\n<p style=\"text-align: justify;\"><span style=\"font-family: tahoma, arial, helvetica, sans-serif;\">Aus diesem Grunde haben die Menschen sich zusammengefunden. Und das Ergebnis ist jetzt diese neue Einheit, diese neue Bewegung. Und da sehen Sie, dass M\u00e4nner und Frauen zusammen demonstrieren. Die Frauen standen in allen Protesten der letzten 43 Jahre an vorderster Linie des Kampfes.<\/span><\/p>\n<p style=\"text-align: justify;\"><strong><span style=\"font-family: tahoma, arial, helvetica, sans-serif;\">Iran Wochen des Aufbegehrens &#8211; und kein Ende<\/span><\/strong><\/p>\n<p style=\"text-align: justify;\"><span style=\"font-family: tahoma, arial, helvetica, sans-serif;\">Seit dem Tod von Mahsa Amini rei\u00dfen im Iran die Unruhen nicht ab &#8211; ein \u00dcberblick \u00fcber die wichtigsten Aspekte.<\/span><\/p>\n<p style=\"text-align: justify;\"><span style=\"font-family: tahoma, arial, helvetica, sans-serif;\">tagesthemen: Nun gab es in den vergangenen Jahren immer wieder Demonstrationen und Proteste im Iran &#8211; die dann immer brutal niedergeschlagen wurden. Warum sollte es diesmal nicht wieder so verlaufen?<\/span><\/p>\n<p style=\"text-align: justify;\"><span style=\"font-family: tahoma, arial, helvetica, sans-serif;\">Ebadi: Bei den Protesten fr\u00fcher war es so, dass es jedes Mal andere, besondere Forderungen gab &#8211; und deshalb war nur ein Teil der Bev\u00f6lkerung an den Demonstrationen beteiligt. Aber jetzt ist die Forderung der Menschen eine politische Forderung, sie wollen den Sturz dieses Regimes. Sie sind zusammen und vereint.<\/span><\/p>\n<p style=\"text-align: justify;\"><span style=\"font-family: tahoma, arial, helvetica, sans-serif;\">Fr\u00fcher war das anders. Sobald das Regime sie eingesch\u00fcchtert und unterdr\u00fcckt hat, sind die Menschen nach Hause gegangen. Aber jetzt sind es \u00fcber 100 St\u00e4dte im Iran und seit \u00fcber 40 Tagen sind die Menschen auf der Stra\u00dfe &#8211; und die Unterdr\u00fcckung n\u00fctzt dem Regime nichts. Deshalb sind diese Proteste anders. Und ich hoffe, dass sie zu dem Ergebnis f\u00fchren, das sich die Menschen w\u00fcnschen.<\/span><\/p>\n<p style=\"text-align: justify;\"><span style=\"font-family: tahoma, arial, helvetica, sans-serif;\">&#8220;Sie wollen den Sturz dieses Regimes&#8221;, Shirin Ebadi, Friedensnobelpreistr\u00e4gerin, zur Besonderheit der aktuellen Proteste im Iran<\/span><\/p>\n<p style=\"text-align: justify;\"><span style=\"font-family: tahoma, arial, helvetica, sans-serif;\">&#8220;Sie wollen den Sturz dieses Regimes&#8221;, Shirin Ebadi, Friedensnobelpreistr\u00e4gerin, zur Besonderheit der aktuellen Proteste im Iran<\/span><\/p>\n<p style=\"text-align: justify;\"><span style=\"font-family: tahoma, arial, helvetica, sans-serif;\">tagesthemen: Sie haben gesagt, Reformen sind in diesem Regime gar nicht m\u00f6glich. Dann kann es ja also nur auf einen Umsturz hinauslaufen &#8211; gibt es \u00fcberhaupt eine Chance auf einen friedlichen Machtwechsel?<\/span><\/p>\n<p style=\"text-align: justify;\"><span style=\"font-family: tahoma, arial, helvetica, sans-serif;\">Ebadi: In den letzten 43 Jahren sind alle Reformwege versucht worden, und keiner hat ein Ergebnis gezeigt. Deshalb muss ein Regimewechsel erfolgen. Ich hoffe, dass das Regime so vern\u00fcnftig ist, dass es wei\u00df, dass die Menschen nicht mehr nach Hause zur\u00fcckgehen, und dass das Regime auf die Menschen h\u00f6ren muss und die Waffen niederlegen muss.<\/span><\/p>\n<p style=\"text-align: justify;\"><span style=\"font-family: tahoma, arial, helvetica, sans-serif;\">tagesthemen: Wir sehen Zigtausende auf den Stra\u00dfen gegen das Regime, aber es gibt ja auch Bef\u00fcrworter. Wie gro\u00df ist denn deren Anteil?<\/span><\/p>\n<p style=\"text-align: justify;\"><span style=\"font-family: tahoma, arial, helvetica, sans-serif;\">Ebadi: Nat\u00fcrlich hat das Regime auch Bef\u00fcrworter. Das sind diejenigen, die seit Jahren Nutznie\u00dfer des Regimes sind. In allen Wahlen, die stattgefunden haben, haben die Bef\u00fcrworter allenfalls 15 Prozent der Stimmen geholt.<\/span><\/p>\n<p style=\"text-align: justify;\"><span style=\"font-family: tahoma, arial, helvetica, sans-serif;\">Annalena Baerbock | dpatagesthemen: Die deutsche Au\u00dfenministerin hat gestern weitere Sanktionen wie zus\u00e4tzliche Einreisebeschr\u00e4nkungen gefordert. Was erwarten Sie von der Bundesregierung?<\/span><\/p>\n<p style=\"text-align: justify;\"><span style=\"font-family: tahoma, arial, helvetica, sans-serif;\">Ebadi: Das ist gut aber reicht nicht aus. Die Menschen im Iran haben die Forderung, dass die Revolutionsgraden auf die Terrorliste gesetzt werden und sanktioniert werden. Die Menschen wollen, dass genauso gehandelt wird wie gegen\u00fcber Putin und seinem Umkreis. So wie deren Guthaben eingefroren wurden, so sollte das auch mit den Konten von Khamenei und seinen Getreuen gemacht werden.<\/span><\/p>\n","protected":false},"excerpt":{"rendered":"<p>27.10.2022-tagesschau- Im tagesthemen-Interview erkl\u00e4rt die iranische Friedensnobelpreistr\u00e4gerin Ebadi, was die aktuellen Proteste in ihrem Land von vorherigen Versuchen des Regimesturzes unterscheidet &#8211; und welch bedeutende Rolle Frauen dabei spielen.<\/p>\n","protected":false},"author":1,"featured_media":0,"comment_status":"open","ping_status":"open","sticky":false,"template":"","format":"standard","meta":{"footnotes":""},"categories":[323],"tags":[281,301,449,448],"class_list":["post-984","post","type-post","status-publish","format-standard","hentry","category-menschenrechte","tag-frauen-im-iran","tag-iran-protest","tag-iran-protest-22","tag-mahsa-amini"],"_links":{"self":[{"href":"https:\/\/iransos.com\/deutsch\/index.php?rest_route=\/wp\/v2\/posts\/984","targetHints":{"allow":["GET"]}}],"collection":[{"href":"https:\/\/iransos.com\/deutsch\/index.php?rest_route=\/wp\/v2\/posts"}],"about":[{"href":"https:\/\/iransos.com\/deutsch\/index.php?rest_route=\/wp\/v2\/types\/post"}],"author":[{"embeddable":true,"href":"https:\/\/iransos.com\/deutsch\/index.php?rest_route=\/wp\/v2\/users\/1"}],"replies":[{"embeddable":true,"href":"https:\/\/iransos.com\/deutsch\/index.php?rest_route=%2Fwp%2Fv2%2Fcomments&post=984"}],"version-history":[{"count":4,"href":"https:\/\/iransos.com\/deutsch\/index.php?rest_route=\/wp\/v2\/posts\/984\/revisions"}],"predecessor-version":[{"id":988,"href":"https:\/\/iransos.com\/deutsch\/index.php?rest_route=\/wp\/v2\/posts\/984\/revisions\/988"}],"wp:attachment":[{"href":"https:\/\/iransos.com\/deutsch\/index.php?rest_route=%2Fwp%2Fv2%2Fmedia&parent=984"}],"wp:term":[{"taxonomy":"category","embeddable":true,"href":"https:\/\/iransos.com\/deutsch\/index.php?rest_route=%2Fwp%2Fv2%2Fcategories&post=984"},{"taxonomy":"post_tag","embeddable":true,"href":"https:\/\/iransos.com\/deutsch\/index.php?rest_route=%2Fwp%2Fv2%2Ftags&post=984"}],"curies":[{"name":"wp","href":"https:\/\/api.w.org\/{rel}","templated":true}]}}